{"id":14414,"date":"2025-11-01T09:27:30","date_gmt":"2025-11-01T09:27:30","guid":{"rendered":"https:\/\/www.pulse-z.eu\/?p=14414"},"modified":"2025-11-11T10:59:51","modified_gmt":"2025-11-11T10:59:51","slug":"archeopolitique-le-parthenon-larene-nationale-de-la-grece","status":"publish","type":"post","link":"https:\/\/www.pulse-z.eu\/fr\/archeopolitique-le-parthenon-larene-nationale-de-la-grece\/","title":{"rendered":"Arch\u00e9opolitique : Le Parth\u00e9non, l&#39;ar\u00e8ne nationale de la Gr\u00e8ce"},"content":{"rendered":"<p> Symbole sacr\u00e9 ou sc\u00e8ne politique ? <\/p>\n<p><span style=\"font-weight: 400;\">C\u2019est l\u00e0, \u00e0 la fin du printemps, que la Gr\u00e8ce et les Ath\u00e9niens se retrouv\u00e8rent face \u00e0 l\u2019Acropole sous un jour nouveau \u2013 car quelque chose avait chang\u00e9. En mai 2025, dans le ciel ath\u00e9nien, un spectacle de drones <a href=\"https:\/\/www.theguardian.com\/world\/2025\/may\/17\/outrage-in-greece-after-adidas-advert-shows-drone-shoe-kicking-acropolis\" target=\"_blank\" rel=\"noopener\">Adidas<\/a> fit une apparition soudaine\u00a0: une basket g\u00e9ante, comme endormie, semblait peser sur le Parth\u00e9non. Face \u00e0 la vague de r\u00e9actions le lendemain matin, la ministre de la Culture, Lina Mendoni, accabl\u00e9e de critiques, qualifia l\u2019image d\u2019\u00ab\u00a0extr\u00eamement d\u00e9plaisante\u00a0\u00bb et annon\u00e7a des poursuites judiciaires contre les responsables.<\/span><\/p>\n<p> <span style=\"font-weight: 400;\">Peu de temps auparavant, le m\u00eame ministre avait rejet\u00e9 la demande du r\u00e9alisateur grec de renomm\u00e9e internationale Yorgos Lanthimos de <a href=\"https:\/\/www.theguardian.com\/film\/2025\/apr\/07\/yorgos-lanthimos-denied-permission-to-shoot-film-at-athens-acropolis\" target=\"_blank\" rel=\"noopener\">tourner<\/a> des sc\u00e8nes de son nouveau film<\/span> <i><span style=\"font-weight: 400;\">\u00ab\u00a0Bugonia\u00a0\u00bb<\/span><\/i> <span style=\"font-weight: 400;\">sur l\u2019Acropole. Le Conseil arch\u00e9ologique central (KAS) a statu\u00e9 que les sc\u00e8nes propos\u00e9es, avec 70 faux cadavres, \u00e9taient \u00ab\u00a0incompatibles avec le symbolisme et les valeurs repr\u00e9sent\u00e9s par l\u2019Acropole\u00a0\u00bb.<\/span><\/p>\n<p> <span style=\"font-weight: 400;\">Lanthimos ne cherchait pourtant pas \u00e0 \u00ab profaner \u00bb, mais plut\u00f4t \u00e0 trouver un \u00ab berceau \u00bb pour sa renaissance post-apocalyptique, un espace de catharsis o\u00f9 la vie, avec ses chats errant nonchalamment, transcende la mort. Ce qui n&#39;a peut-\u00eatre pas \u00e9t\u00e9 per\u00e7u, c&#39;est la transformation de l&#39;Acropole, d&#39;un symbole de gloire \u00e0 un lieu de m\u00e9moire, un lieu de transformation non par la sacralit\u00e9, mais par les fragments qui donneront naissance au nouveau.<\/span><\/p>\n<p> <span style=\"font-weight: 400;\">Apr\u00e8s tout, les temples antiques sacr\u00e9s n&#39;\u00e9taient pas r\u00e9serv\u00e9s \u00e0 l&#39;art pour c\u00e9l\u00e9brer les triomphes. Pensons \u00e0 Lucr\u00e8ce sollicitant l&#39;autorisation du Conseil arch\u00e9ologique central pour inclure dans son ouvrage <a href=\"https:\/\/upload.wikimedia.org\/wikipedia\/commons\/2\/27\/Lucretius_On_the_nature_of_things_%28IA_lucretiusonnatu00lucr%29.pdf\" target=\"_blank\" rel=\"noopener\">De Rerum Natura<\/a> des repr\u00e9sentations de la peste d&#39;Ath\u00e8nes laissant derri\u00e8re elle des corps en d\u00e9composition dans des temples, sanctuaires d\u00e9sormais d\u00e9pourvus de r\u00e9confort. L&#39;Acropole, bien que de mani\u00e8re silencieuse, plane dans ce r\u00e9cit comme un lieu o\u00f9 la vie et la mort coexistent, sans salut divin. Si, chez Lanthimos, la d\u00e9composition rec\u00e8le un nouveau d\u00e9part, chez Lucr\u00e8ce, elle est l&#39;ultime rappel que toute chose, m\u00eame sacr\u00e9e, ob\u00e9it aux lois de la nature.<\/span><\/p>\n<p> <span style=\"font-weight: 400;\">Dans les deux cas, le salut ne vient pas des dieux, mais de la mati\u00e8re\u00a0; soit par l\u2019inanim\u00e9 qui redonne vie au vivant (selon l\u2019imagination de Lanthimos), soit par la simple constatation que toute chose ob\u00e9it aux lois de la nature. Finalement, l\u2019Acropole ne fut peut-\u00eatre pas jug\u00e9e \u00ab\u00a0inappropri\u00e9e\u00a0\u00bb en raison du contenu de la sc\u00e8ne, mais parce que la proposition elle-m\u00eame osait remettre en question le r\u00e9cit <a href=\"https:\/\/www.ceeol.com\/search\/article-detail?id=1121876\" target=\"_blank\" rel=\"noopener\">dominant<\/a> concernant le sanctuaire national\u00a0; la concevoir non comme un lieu de culte, mais comme un espace de r\u00e9flexion sur la mort, la m\u00e9moire et la renaissance, dans une ville qui est un palimpseste.<\/span><\/p>\n<p> <span style=\"font-weight: 400;\">D&#39;une certaine mani\u00e8re, ces deux incidents ont r\u00e9v\u00e9l\u00e9 les <a href=\"https:\/\/www.theguardian.com\/film\/2025\/apr\/07\/yorgos-lanthimos-denied-permission-to-shoot-film-at-athens-acropolis\" target=\"_blank\" rel=\"noopener\">contradictions<\/a> de la politique culturelle grecque contemporaine. D&#39;un c\u00f4t\u00e9, il y a l&#39;exploitation commerciale du Parth\u00e9non \u00e0 des fins promotionnelles \u2013 m\u00eame si, il faut le pr\u00e9ciser, le vol et l&#39;atterrissage n&#39;ont pas eu lieu directement sur l&#39;Acropole. Il n&#39;en reste pas moins qu&#39;ils ont \u00ab\u00a0abus\u00e9\u00a0\u00bb d&#39;une zone soumise \u00e0 des restrictions l\u00e9gales de hauteur de construction, destin\u00e9es \u00e0 garantir que le<\/span> <i><span style=\"font-weight: 400;\">\u00ab\u00a0conspectus publicus\u00a0\u00bb<\/span><\/i> <span style=\"font-weight: 400;\">\u2013 la vue du public sur l&#39;Acropole \u2013 demeure d\u00e9gag\u00e9.<\/span><\/p>\n<p> <span style=\"font-weight: 400;\">En revanche, ce m\u00eame monument est jalousement prot\u00e9g\u00e9 des interpr\u00e9tations artistiques jug\u00e9es \u00ab inappropri\u00e9es \u00bb ou contraires au r\u00e9cit national dominant sur la mani\u00e8re dont le Parth\u00e9non devrait \u00eatre per\u00e7u. En d\u00e9finitive, le Parth\u00e9non n&#39;est pas qu&#39;une simple ruine antique\u00a0: c&#39;est un lieu de d\u00e9bats o\u00f9 les questions d&#39;identit\u00e9 nationale, de patrimoine culturel et de pouvoir politique font l&#39;objet de n\u00e9gociations constantes.<\/span><\/p>\n<blockquote class=\"twitter-tweet\">\n<p dir=\"ltr\" lang=\"en\">Le minist\u00e8re grec de la Culture a r\u00e9agi n\u00e9gativement \u00e0 un spectacle lumineux de drones organis\u00e9 par la marque de sport <a href=\"https:\/\/twitter.com\/hashtag\/Adidas?src=hash&amp;ref_src=twsrc%5Etfw\" target=\"_blank\" rel=\"noopener\">Adidas<\/a> pour promouvoir ses produits, avec l&#39; <a href=\"https:\/\/twitter.com\/hashtag\/Acropolis?src=hash&amp;ref_src=twsrc%5Etfw\" target=\"_blank\" rel=\"noopener\">Acropole<\/a> en arri\u00e8re-plan. Plus d&#39;informations\u00a0: <a href=\"https:\/\/t.co\/CTSzxFt9iE\">https:\/\/t.co\/CTSzxFt9iE<\/a> <a href=\"https:\/\/t.co\/oVhkYj3yvj\">pic.twitter.com\/oVhkYj3yvj<\/a><\/p>\n<p> \u2014 Greek Reporter (@GreekReporter) <a href=\"https:\/\/twitter.com\/GreekReporter\/status\/1923471859992903851?ref_src=twsrc%5Etfw\" target=\"_blank\" rel=\"noopener\">16 mai 2025<\/a> <\/p>\n<\/blockquote>\n<p><script async src=\"https:\/\/platform.twitter.com\/widgets.js\" charset=\"utf-8\"><\/script><\/p>\n<blockquote>\n<h3><em><span style=\"color: #000000;\">\u00ab<\/span> Cependant, Lanthimos ne cherchait pas \u00e0 \u00ab profaner \u00bb, mais plut\u00f4t \u00e0 trouver un \u00ab berceau \u00bb pour sa renaissance post-apocalyptique, un espace de catharsis o\u00f9 la vie, avec des chats errant indiff\u00e9rents, transcende la mort. Ce qui n&#39;a peut-\u00eatre pas \u00e9t\u00e9 per\u00e7u, c&#39;est la transformation de l&#39;Acropole, d&#39;un symbole de gloire \u00e0 un lieu de m\u00e9moire, un lieu de transformation non par la saintet\u00e9, mais par les fragments qui donneront naissance au nouveau. <span style=\"color: #000000;\">\u00bb<\/span><\/em><\/h3>\n<\/blockquote>\n<h2><b>Arch\u00e9opolitique et continuit\u00e9<\/b><\/h2>\n<p> <span style=\"font-weight: 400;\">Le Parth\u00e9non fonctionne donc comme un outil d\u2019<\/span> <i><span style=\"font-weight: 400;\">\u00ab <a href=\"https:\/\/www.ceeol.com\/search\/article-detail?id=1121876\" target=\"_blank\" rel=\"noopener\">arch\u00e9opolitique<\/a> \u00bb<\/span><\/i> <span style=\"font-weight: 400;\">, c\u2019est-\u00e0-dire comme un moyen de gouvernance politique de l\u2019Antiquit\u00e9 pour la formation de r\u00e9cits nationaux, avec pour cons\u00e9quence la participation sociale de certains groupes ou l\u2019exclusion d\u2019autres. Quels r\u00e9cits sont autoris\u00e9s et lesquels sont r\u00e9duits au silence\u00a0? Le Parth\u00e9non a-t-il, en fin de compte, <a href=\"https:\/\/www.cambridge.org\/core\/journals\/byzantine-and-modern-greek-studies\/article\/abs\/eleana-yalouri-the-acropolis-global-fame-local-claim-oxford-berg-2001-pp-xix-238\/CAA6E2B14924377BBBA8BED496E2A36A\" target=\"_blank\" rel=\"noopener\">des h\u00e9ritiers<\/a>\u00a0?<\/span><\/p>\n<p> <span style=\"font-weight: 400;\">Ce monument, symbole de la R\u00e9publique ath\u00e9nienne au Ve si\u00e8cle avant J.-C., s&#39;est transform\u00e9 au XIXe si\u00e8cle, au gr\u00e9 des si\u00e8cles et des bouleversements de l&#39;histoire, en l&#39;un des piliers les plus embl\u00e9matiques de <a href=\"https:\/\/www.cambridge.org\/core\/journals\/european-journal-of-archaeology\/article\/abs\/yannis-hamilakis-the-nation-and-its-ruins-antiquity-archaeology-and-national-imagination-in-greece-oxford-oxford-university-press-2007-352-pp-isbn-978-0-19-923038-9\/C49AE4F8BE9C655205012EAB87D87822\" target=\"_blank\" rel=\"noopener\">l&#39;identit\u00e9<\/a> nationale grecque moderne. Il n&#39;a pas toujours \u00e9t\u00e9 ce monument blanc immacul\u00e9 que nous connaissons aujourd&#39;hui, et il constitue notre principale source d&#39;information sur le pass\u00e9 antique. \u00c0 partir du VIe si\u00e8cle apr\u00e8s J.-C., il a tour \u00e0 tour servi de temple chr\u00e9tien, de mosqu\u00e9e, de d\u00e9p\u00f4t de munitions, avant de tomber en ruine (?). Mais la question demeure\u00a0: \u00e0 quel moment est-il devenu le symbole national de la Gr\u00e8ce\u00a0?<\/span> <\/p>\n<div id=\"attachment_3877\" class=\"wp-caption alignnone\" style=\"width: 1210px;\">\n<p><img loading=\"lazy\" decoding=\"async\" class=\"wp-image-3877 size-full\" src=\"https:\/\/www.pulse-z.eu\/wp-content\/uploads\/2025\/06\/Athens-Greece-1890-public-domain.jpg\" sizes=\"auto, (max-width: 1200px) 100vw, 1200px\" srcset=\"https:\/\/www.pulse-z.eu\/wp-content\/uploads\/2025\/06\/Athens-Greece-1890-public-domain.jpg 1200w, https:\/\/www.pulse-z.eu\/wp-content\/uploads\/2025\/06\/Athens-Greece-1890-public-domain-768x403.jpg 768w\" alt=\"Ath\u00e8nes et l&#39;Acropole \u00e0 la fin du XIXe si\u00e8cle. Cr\u00e9dit : Domaine public\" width=\"1200\" height=\"630\" aria-describedby=\"caption-attachment-3877\" \/><\/p>\n<p id=\"caption-attachment-3877\" class=\"wp-caption-text\"> Ath\u00e8nes et l&#39;Acropole \u00e0 la fin du XIXe si\u00e8cle. Cr\u00e9dit : Domaine public<\/p>\n<\/div>\n<p> <span style=\"font-weight: 400;\">Apr\u00e8s la cr\u00e9ation de l&#39;\u00c9tat grec en 1830, la Gr\u00e8ce s&#39;est construite sur le postulat d&#39;une \u00ab <a href=\"https:\/\/www.cambridge.org\/core\/journals\/european-journal-of-archaeology\/article\/abs\/yannis-hamilakis-the-nation-and-its-ruins-antiquity-archaeology-and-national-imagination-in-greece-oxford-oxford-university-press-2007-352-pp-isbn-978-0-19-923038-9\/C49AE4F8BE9C655205012EAB87D87822\" target=\"_blank\" rel=\"noopener\">continuit\u00e9<\/a> \u00bb entre les Grecs anciens et modernes. Le Parth\u00e9non constituait le fondement symbolique de cette continuit\u00e9, incarn\u00e9e par le marbre du temple. Le nettoyage de la roche de l&#39;Acropole, d\u00e9barrass\u00e9e de ses strates ottomanes et byzantines, fut entrepris au nom d&#39;une \u00ab restauration \u00bb du pass\u00e9 classique, alors qu&#39;il s&#39;agissait en r\u00e9alit\u00e9 d&#39;une purge culturelle visant \u00e0 \u00e9liminer tout \u00e9l\u00e9ment qui ne confortait pas le r\u00e9cit national.<\/span><\/p>\n<p> <span style=\"font-weight: 400;\">Bien qu&#39;Ath\u00e8nes n&#39;ait pas \u00e9t\u00e9 la premi\u00e8re capitale du nouvel \u00c9tat, la position g\u00e9omorphologique remarquable du monument, son r\u00f4le et son symbolisme reconnus \u00e0 l&#39;\u00e9poque classique, ainsi que la tradition de consid\u00e9rer la reconnaissance, par les Britanniques, de la valeur artistique du monument durant la phase classique et la phase ult\u00e9rieure \u2013 leur premier contact \u00e9tant plut\u00f4t \u00e9pisodique \u2013 ont conduit \u00e0 son choix comme embl\u00e8me national. Dans ce choix, l&#39;histoire est le porte-voix et le monument le sceau, confirmant la l\u00e9gitimit\u00e9 historique de l&#39;\u00c9tat-nation moderne et affirmant que la culture mat\u00e9rielle n&#39;est pas une composante de l&#39;histoire, mais un instrument de pouvoir et de hi\u00e9rarchie culturelle.<\/span><\/p>\n<h2><\/h2>\n<blockquote>\n<h3><em><strong><span style=\"color: #000000;\">\u00ab<\/span> Apr\u00e8s la cr\u00e9ation de l\u2019\u00c9tat grec en 1830, la Gr\u00e8ce s\u2019est construite sur le postulat d\u2019une \u00ab continuit\u00e9 \u00bb entre les Grecs anciens et modernes. Le Parth\u00e9non constituait le fondement symbolique de cette continuit\u00e9, incarn\u00e9e dans les marbres du temple. Le nettoyage de la roche de l\u2019Acropole de ses couches ottomanes et byzantines a \u00e9t\u00e9 effectu\u00e9 au nom d\u2019une \u00ab restauration \u00bb du pass\u00e9 classique, alors qu\u2019en r\u00e9alit\u00e9, il s\u2019agissait d\u2019une purification culturelle visant \u00e0 \u00e9liminer tout \u00e9l\u00e9ment qui ne confortait pas le r\u00e9cit national. <span style=\"color: #000000;\">\u00bb<\/span><\/strong><\/em><\/h3>\n<\/blockquote>\n<h2><b>R\u00e9appropriation des ruines\u00a0: r\u00e9sistance, appartenance et droit \u00e0 la m\u00e9moire<\/b><\/h2>\n<p> <span style=\"font-weight: 400;\">D\u00e8s lors, nous ne pouvons consid\u00e9rer l&#39;Antiquit\u00e9 et ses vestiges mat\u00e9riels comme de simples fragments culturels d&#39;un pass\u00e9 flou \u2013 pour beaucoup \u2013, mais plut\u00f4t comme des outils politiques, voire biopolitiques, permettant d&#39;imposer des normes, des r\u00e8gles et des r\u00e9cits sp\u00e9cifiques. Le Parth\u00e9non, dans cette perspective, n&#39;est pas seulement un monument, mais aussi un \u00ab\u00a0corps\u00a0\u00bb, un monument qui impose des r\u00e8gles, r\u00e9gule les corps et organise les populations. En particulier, sa pr\u00e9sence et sa repr\u00e9sentation tropicale dans l&#39;espace public engendrent un mode de pens\u00e9e standardis\u00e9 pour le comprendre et, par cons\u00e9quent, d\u00e9finissent des r\u00e8gles sp\u00e9cifiques\u00a0: qui a le droit de le toucher\u00a0? Qui est autoris\u00e9 \u00e0 le repr\u00e9senter\u00a0? Quel acte esth\u00e9tique ou politique est consid\u00e9r\u00e9 comme une \u00ab\u00a0insulte\u00a0\u00bb\u00a0?<\/span><\/p>\n<p> <span style=\"font-weight: 400;\">L\u2019exclusion de <a href=\"https:\/\/www.theguardian.com\/world\/2025\/may\/17\/outrage-in-greece-after-adidas-advert-shows-drone-shoe-kicking-acropolis\" target=\"_blank\" rel=\"noopener\">Lanthimos<\/a> de l\u2019Acropole, par exemple, d\u00e9montre comment l\u2019\u00c9tat, sous pr\u00e9texte de \u00ab prot\u00e9ger le patrimoine culturel \u00bb, d\u00e9fend un r\u00e9cit h\u00e9g\u00e9monique particulier qui ne se pr\u00eate pas \u00e0 la remise en question \u2013 ce \u00ab culte de l\u2019antiquit\u00e9 \u00bb se traduit par une surveillance rh\u00e9torique de l\u2019appartenance, selon la logique biopolitique <a href=\"https:\/\/journals.openedition.org\/socio-anthropologie\/6345\" target=\"_blank\" rel=\"noopener\">de Foucault<\/a> qui d\u00e9termine qui sont en fin de compte \u00ab Grecs \u00bb, qui \u00ab honorent l\u2019histoire \u00bb et qui sont consid\u00e9r\u00e9s comme des \u00ab ennemis \u00bb du pass\u00e9 en raison de leur participation au maintien de cette interpr\u00e9tation.<\/span><\/p>\n<p> <span style=\"font-weight: 400;\">Ainsi, le Parth\u00e9non est devenu le monopole d&#39;une ar\u00e8ne id\u00e9ologique d&#39;\u00c9tat, un espace d&#39;affirmation de soi. De son illumination lors des f\u00eates nationales \u00e0 l&#39;interdiction des interpr\u00e9tations alternatives, il constitue un acte performatif par lequel l&#39;Antiquit\u00e9 \u00ab sauve \u00bb la nation de la crise actuelle.<\/span> <\/p>\n<div id=\"attachment_3878\" class=\"wp-caption alignnone\" style=\"width: 928px;\">\n<blockquote class=\"twitter-tweet\" data-media-max-width=\"1400\">\n<p dir=\"ltr\" lang=\"el\"> \ud83d\udccc\u0394\u03b9\u03b5\u03b8\u03bd\u03ad\u03c2 \u03bc\u03ae\u03bd\u03c5\u03bc\u03b1 \u03b1\u03bb\u03bb\u03b7\u03bb\u03b5\u03b3\u03b3\u03cd\u03b7\u03c2 \u03c3\u03c4\u03bf\u03bd \u03c0\u03b1\u03bb\u03b1\u03b9\u03c3\u03c4\u03b9\u03bd\u03b9\u03b1\u03ba\u03cc \u03bb\u03b1\u03cc \u03b5\u03ba\u03c0\u03ad\u03bc\u03c0\u03b5\u03c4\u03b1\u03b9 \u03b1\u03c5\u03c4\u03ae \u03c4\u03b7 \u03c3\u03c4\u03b9\u03b3\u03bc\u03ae \u03b1\u03c0\u03cc \u03c4\u03bf\u03bd \u03b2\u03c1\u03ac\u03c7\u03bf \u03c4\u03b7\u03c2 \u0391\u03ba\u03c1\u03cc\u03c0\u03bf\u03bb\u03b7\u03c2.<br \/> \ud83d\udd34\u039c\u03b5 \u03bc\u03b9\u03b1 \u03c3\u03c5\u03bd\u03c4\u03bf\u03bd\u03b9\u03c3\u03bc\u03ad\u03bd\u03b7 \u03ba\u03b9\u03bd\u03b7\u03c4\u03bf\u03c0\u03bf\u03af\u03b7\u03c3\u03b7, \u03bd\u03c9\u03c1\u03af\u03c2 \u03c4\u03bf \u03c0\u03c1\u03c9\u03af, \u03bc\u03ad\u03bb\u03b7 \u03c4\u03bf\u03c5 \u039a\u039a\u0395 \u03ba\u03b1\u03b9 \u03c4\u03b7\u03c2 \u039a\u039d\u0395 \u03b1\u03bd\u03ad\u03b2\u03b7\u03ba\u03b1\u03bd \u03c3\u03c4\u03b7\u03bd \u0391\u03ba\u03c1\u03cc\u03c0\u03bf\u03bb\u03b7 \u03ba\u03b1\u03b9 \u03c3\u03ae\u03ba\u03c9\u03c3\u03b1\u03bd \u03b4\u03cd\u03bf \u03c0\u03b1\u03bd\u03cc \u03c0\u03c1\u03bf\u03c2 \u03c4\u03b7\u03bd \u03c0\u03bb\u03b5\u03c5\u03c1\u03ac \u03c4\u03b7\u03c2 \u0394\u03b9\u03bf\u03bd\u03c5\u03c3\u03af\u03bf\u03c5 \u0391\u03c1\u03b5\u03bf\u03c0\u03b1\u03b3\u03af\u03c4\u03bf\u03c5, \u03b3\u03c1\u03b1\u03bc\u03bc\u03ad\u03bd\u03b1\u2026 <a href=\"https:\/\/t.co\/3uxvxbti8C\">pic.twitter.com\/3uxvxbti8C<\/a><\/p>\n<p> \u2013 \u039f\u03b4\u03b7\u03b3\u03b7\u03c4\u03ae\u03c2 (@odigitis) <a href=\"https:\/\/twitter.com\/odigitis\/status\/1968898862061351393?ref_src=twsrc%5Etfw\" target=\"_blank\" rel=\"noopener\">19 septembre 2025<\/a> <\/p>\n<\/blockquote>\n<p><script async src=\"https:\/\/platform.twitter.com\/widgets.js\" charset=\"utf-8\"><\/script><\/p>\n<\/div>\n<p> <span style=\"font-weight: 400;\">Malgr\u00e9 son statut de symbole national, le Parth\u00e9non fait l&#39;objet de nombreuses r\u00e9appropriations par des artistes, des activistes et des intellectuels qui proposent des lectures alternatives, souvent d\u00e9rangeantes. Ces r\u00e9sistances remettent en question la pr\u00e9tendue \u00ab puret\u00e9 \u00bb et l&#39;unit\u00e9 du Parth\u00e9non, r\u00e9v\u00e9lant son usage profond\u00e9ment id\u00e9ologique et exclusif.<\/span> <span style=\"font-weight: 400;\">En 2022, lors de la Marche des fiert\u00e9s d&#39;Ath\u00e8nes, des activistes LGBTQ+ ont brandi une banderole proclamant <a href=\"https:\/\/archive.org\/details\/greeksgreeklover0000davi\" target=\"_blank\" rel=\"noopener\">\u00ab L&#39;histoire est aussi queer \u00bb<\/a> , explorant la dimension homo\u00e9rotique, document\u00e9e mais souvent pass\u00e9e sous silence, de la soci\u00e9t\u00e9 grecque antique.<\/span> <span style=\"font-weight: 400;\">De nombreuses \u00e9tudes montrent que le lien exclusif qui unit le Parth\u00e9non \u00e0 la construction de l&#39;identit\u00e9 grecque s&#39;inscrit dans un r\u00e9cit historique, une sorte de cordon ombilical de survie id\u00e9ologique. Cependant, cette \u00ab nourriture \u00bb conduit \u00e0 une habitude profond\u00e9ment politique d&#39;exclure implicitement du r\u00e9cit des personnes telles que les immigr\u00e9s, les pauvres, les personnes LGBTQA+, les corps non normatifs (souvent associ\u00e9s \u00e0 la d\u00e9viation du standard classique de beaut\u00e9), et probablement celles qui ne \u00ab correspondent \u00bb pas au cadre arch\u00e9typal de la \u00ab Gr\u00e8ce des anc\u00eatres \u00bb, mais pas \u00e0 tous les anc\u00eatres.<\/span><\/p>\n<p> <span style=\"font-weight: 400;\">Quoi de plus<\/span> naturel que de soulever une question finale plausible\u00a0: \u00e0 qui appartient le Parth\u00e9non\u00a0? \u00c0 l\u2019\u00c9tat\u00a0? Aux arch\u00e9ologues\u00a0? Aux touristes\u00a0? Aux citoyens qui financent son entretien\u00a0? Ou, plus fondamentalement, \u00e0 ceux qui l\u2019interpr\u00e8tent diff\u00e9remment\u00a0? Le diff\u00e9rend sur la propri\u00e9t\u00e9 du Parth\u00e9non ne se limite pas \u00e0 la question des sculptures et de leur restitution par le British Museum. Il s\u2019agit de quelque chose de plus profond\u00a0: un besoin, un droit de voir et de vivre le monument sous diff\u00e9rents <a href=\"https:\/\/www.ceeol.com\/search\/article-detail?id=1121876\" target=\"_blank\" rel=\"noopener\">angles<\/a> . De permettre au Parth\u00e9non d\u2019\u00eatre non seulement notre purgatoire national, mais aussi le miroir de soci\u00e9t\u00e9s en mutation. Et si nous ne le lib\u00e9rons pas de son monologue national, il restera un simple \u00ab\u00a0espace sacr\u00e9\u00a0\u00bb auquel de moins en moins de personnes se sentiront appartenir.<\/p>\n","protected":false},"excerpt":{"rendered":"<p>Symbole sacr\u00e9 ou sc\u00e8ne politique ? C\u2019est l\u00e0, \u00e0 la fin du printemps, que la Gr\u00e8ce et les Ath\u00e9niens se retrouv\u00e8rent face \u00e0 l\u2019Acropole sous un jour nouveau \u2013 car quelque chose avait chang\u00e9. En [&hellip;]<\/p>\n","protected":false},"author":355,"featured_media":37355,"comment_status":"closed","ping_status":"closed","sticky":false,"template":"","format":"standard","meta":{"_acf_changed":false,"footnotes":""},"categories":[597,608,674],"tags":[941,942,943,944,945,946,947,948,949,950,951,952,953,954,955,956,957,958,959,960,961,962,963,964,965,966,967,968,969,970,971],"post_formats":[616],"coauthors":[4037],"class_list":["post-14414","post","type-post","status-publish","format-standard","has-post-thumbnail","hentry","category-actualites","category-connecter-les-points","category-patrimoine-culturel","tag-acropolis-fr","tag-adidas-drone-fr","tag-antiquity-fr","tag-archaeology-fr","tag-archaeopolitics-fr","tag-artistic-censorship-fr","tag-athens-fr","tag-athens-pride-fr","tag-biopolitics-fr","tag-classical-greece-fr","tag-cultural-heritage-fr","tag-cultural-policy-fr","tag-exclusion-fr","tag-foucault-fr","tag-greek-identity-fr","tag-hamilakis-fr","tag-heritage-politics-fr","tag-historical-continuity-fr","tag-lgbtq-history-fr","tag-material-culture-fr","tag-memory-politics-fr","tag-monument-ownership-fr","tag-national-narrative-fr","tag-national-symbolism-fr","tag-national-totem-fr","tag-parthenon-fr","tag-postcolonial-critique-fr","tag-protest-art-fr","tag-public-space-fr","tag-state-ideology-fr","tag-yorgos-lanthimos-fr","post_formats-articles-fr"],"acf":[],"_links":{"self":[{"href":"https:\/\/www.pulse-z.eu\/fr\/wp-json\/wp\/v2\/posts\/14414","targetHints":{"allow":["GET"]}}],"collection":[{"href":"https:\/\/www.pulse-z.eu\/fr\/wp-json\/wp\/v2\/posts"}],"about":[{"href":"https:\/\/www.pulse-z.eu\/fr\/wp-json\/wp\/v2\/types\/post"}],"author":[{"embeddable":true,"href":"https:\/\/www.pulse-z.eu\/fr\/wp-json\/wp\/v2\/users\/355"}],"replies":[{"embeddable":true,"href":"https:\/\/www.pulse-z.eu\/fr\/wp-json\/wp\/v2\/comments?post=14414"}],"version-history":[{"count":34,"href":"https:\/\/www.pulse-z.eu\/fr\/wp-json\/wp\/v2\/posts\/14414\/revisions"}],"predecessor-version":[{"id":64775,"href":"https:\/\/www.pulse-z.eu\/fr\/wp-json\/wp\/v2\/posts\/14414\/revisions\/64775"}],"wp:featuredmedia":[{"embeddable":true,"href":"https:\/\/www.pulse-z.eu\/fr\/wp-json\/wp\/v2\/media\/37355"}],"wp:attachment":[{"href":"https:\/\/www.pulse-z.eu\/fr\/wp-json\/wp\/v2\/media?parent=14414"}],"wp:term":[{"taxonomy":"category","embeddable":true,"href":"https:\/\/www.pulse-z.eu\/fr\/wp-json\/wp\/v2\/categories?post=14414"},{"taxonomy":"post_tag","embeddable":true,"href":"https:\/\/www.pulse-z.eu\/fr\/wp-json\/wp\/v2\/tags?post=14414"},{"taxonomy":"post_formats","embeddable":true,"href":"https:\/\/www.pulse-z.eu\/fr\/wp-json\/wp\/v2\/post_formats?post=14414"},{"taxonomy":"author","embeddable":true,"href":"https:\/\/www.pulse-z.eu\/fr\/wp-json\/wp\/v2\/coauthors?post=14414"}],"curies":[{"name":"wp","href":"https:\/\/api.w.org\/{rel}","templated":true}]}}