{"id":92942,"date":"2025-07-04T14:37:25","date_gmt":"2025-07-04T14:37:25","guid":{"rendered":"https:\/\/www.pulse-z.eu\/che-cosa-sono-le-politiche-di-coesione-europee-e-cosa-centrano-con-il-piano-di-riarmo\/"},"modified":"2026-03-24T11:34:14","modified_gmt":"2026-03-24T11:34:14","slug":"was-sind-europaische-kohasionspolitiken-und-was-haben-sie-mit-dem-wiederbewaffnungsplan-zu-tun","status":"publish","type":"post","link":"https:\/\/www.pulse-z.eu\/de\/was-sind-europaische-kohasionspolitiken-und-was-haben-sie-mit-dem-wiederbewaffnungsplan-zu-tun\/","title":{"rendered":"Was sind europ\u00e4ische Koh\u00e4sionspolitiken und was haben sie mit dem Wiederbewaffnungsplan zu tun?"},"content":{"rendered":"\n<p>Artikel von Annalisa Girardi \u2013 Journalistin, Fanpage.it<\/p>\n<p> Die <a href=\"https:\/\/www.fanpage.it\/politica\/cosa-sono-le-politiche-di-coesione-dellue-gli-obiettivi-e-come-vengono-finanziati-i-fondi\/\" target=\"_blank\" rel=\"noopener\">Koh\u00e4sionsfonds<\/a> geh\u00f6ren zu den wichtigsten Finanzierungsquellen europ\u00e4ischer Politiken. EU-Kommissionspr\u00e4sidentin Ursula von der Leyen erw\u00e4hnte sie in den letzten Wochen und schlug vor, dieses Instrument als integralen Bestandteil des <a href=\"https:\/\/www.fanpage.it\/esteri\/von-der-leyen-presenta-il-piano-rearmeu-per-la-difesa-europea-il-tempo-delle-illusioni-e-finito\/\" target=\"_blank\" rel=\"noopener\">RearmEU<\/a> -Plans zu nutzen. Italien lehnt diesen Vorschlag jedoch ab: \u201eWir beabsichtigen nicht, auch nur einen einzigen Euro aus den Koh\u00e4sionsfonds f\u00fcr Verteidigungszwecke umzuleiten\u201c, erkl\u00e4rte Giorgia Meloni vor dem Europ\u00e4ischen Rat im Parlament.<\/p>\n<p> Doch sehen wir uns die Koh\u00e4sionsfonds genauer an. <a href=\"https:\/\/www.europarl.europa.eu\/factsheets\/it\/sheet\/96\/fondo-di-coesione\" target=\"_blank\" rel=\"noopener\">Wie das Europ\u00e4ische Parlament erkl\u00e4rt<\/a> , wurden die Koh\u00e4sionsfonds eingerichtet, \u201e <em>um den wirtschaftlichen, sozialen und territorialen Zusammenhalt der Europ\u00e4ischen Union zu st\u00e4rken und so eine nachhaltige Entwicklung zu f\u00f6rdern<\/em> \u201c. Im Zeitraum 2021\u20132027 sollen folgende Ziele unterst\u00fctzt werden:<\/p>\n<ul>\n<li> Investitionen in Umweltangelegenheiten, einschlie\u00dflich in Sektoren, die mit nachhaltiger Entwicklung und Energie in Zusammenhang stehen und \u00f6kologische Vorteile bieten;<\/li>\n<li> transeurop\u00e4ische Netzwerke im Bereich der Verkehrsinfrastruktur;<\/li>\n<li> Technische Unterst\u00fctzung.<\/li>\n<\/ul>\n<p> Die Koh\u00e4sionsfonds dienen der Finanzierung verschiedener Programme und werden sowohl von der Kommission als auch von den nationalen und regionalen Beh\u00f6rden der Mitgliedstaaten verwaltet.<\/p>\n<p>Zusammenfassend l\u00e4sst sich sagen, dass <a href=\"https:\/\/opencoesione.gov.it\/it\/politica_coesione\/#:~:text=La%20politica%20di%20coesione%20ha,e%20le%20persone%20pi%C3%B9%20fragili.\" target=\"_blank\" rel=\"noopener\">Koh\u00e4sionspolitiken<\/a> darauf abzielen <strong>, Unterschiede und Ungleichheiten zwischen europ\u00e4ischen Gebieten und Regionen abzubauen<\/strong> , insbesondere in weniger entwickelten Gebieten, und dadurch die wirtschaftlichen und sozialen Entwicklungschancen f\u00fcr die am st\u00e4rksten gef\u00e4hrdeten Bev\u00f6lkerungsgruppen zu verbessern. Alle diese Politiken werden aus Strukturfonds finanziert, <a href=\"https:\/\/politichecoesione.governo.it\/it\/politica-di-coesione\/i-fondi-della-politica-di-coesione\/\" target=\"_blank\" rel=\"noopener\">von denen es drei Haupttypen gibt<\/a> :<\/p>\n<ul>\n<li> Der <strong>Europ\u00e4ische Fonds f\u00fcr regionale Entwicklung (EFRE)<\/strong> ist das wichtigste Finanzinstrument zur F\u00f6rderung des Wirtschaftswachstums und der Besch\u00e4ftigung in europ\u00e4ischen Regionen sowie zur Verringerung von Entwicklungsungleichgewichten und -ungleichgewichten.<\/li>\n<li> der <strong>Europ\u00e4ische Sozialfonds (ESF)<\/strong> , dessen Hauptziel es ist, die Mitgliedstaaten bei der Erreichung eines hohen und angemessenen Niveaus an qualifizierter und widerstandsf\u00e4higer Besch\u00e4ftigung sowie eines gerechten und inklusiven Sozialschutzes zu unterst\u00fctzen und damit zu den Priorit\u00e4ten der Union beizutragen;<\/li>\n<li> Der <strong>Fonds f\u00fcr einen gerechten \u00dcbergang (Just Transition Fund, JTF)<\/strong> unterst\u00fctzt Investitionen f\u00fcr einen fairen und nachhaltigen \u00dcbergang zu einer klimaneutralen Wirtschaft der Union bis 2050.<\/li>\n<\/ul>\n<p> Bei der Vorstellung des Aufr\u00fcstungsplans erw\u00e4hnte Pr\u00e4sidentin von der Leyen unter anderem den Einsatz von Koh\u00e4sionsfonds zur Finanzierung der Verteidigungsausgaben. Mehrere L\u00e4nder, darunter auch Italien, hegen jedoch Zweifel daran.<\/p>\n","protected":false},"excerpt":{"rendered":"<p>Artikel von Annalisa Girardi \u2013 Journalistin, Fanpage.it Die Koh\u00e4sionsfonds geh\u00f6ren zu den wichtigsten Finanzierungsquellen europ\u00e4ischer Politiken. EU-Kommissionspr\u00e4sidentin Ursula von der Leyen erw\u00e4hnte sie in den letzten Wochen und schlug vor, dieses Instrument als integralen Bestandteil [&hellip;]<\/p>\n","protected":false},"author":173,"featured_media":0,"comment_status":"closed","ping_status":"closed","sticky":false,"template":"","format":"standard","meta":{"_acf_changed":false,"footnotes":""},"categories":[698],"tags":[877,5880,27601,27602,3966,3369,27603,27604,27605,3969],"post_formats":[645],"coauthors":[3918],"class_list":["post-92942","post","type-post","status-publish","format-standard","hentry","category-aktuelle-angelegenheiten","tag-eu-de","tag-european-parliament-de","tag-european-regional-development-fund","tag-european-social-fund","tag-giorgia-meloni-de","tag-italy-de","tag-just-transition-fund","tag-politiche-di-coesione","tag-rearmeu","tag-ursula-von-der-leyen-de","post_formats-artikel"],"acf":[],"_links":{"self":[{"href":"https:\/\/www.pulse-z.eu\/de\/wp-json\/wp\/v2\/posts\/92942","targetHints":{"allow":["GET"]}}],"collection":[{"href":"https:\/\/www.pulse-z.eu\/de\/wp-json\/wp\/v2\/posts"}],"about":[{"href":"https:\/\/www.pulse-z.eu\/de\/wp-json\/wp\/v2\/types\/post"}],"author":[{"embeddable":true,"href":"https:\/\/www.pulse-z.eu\/de\/wp-json\/wp\/v2\/users\/173"}],"replies":[{"embeddable":true,"href":"https:\/\/www.pulse-z.eu\/de\/wp-json\/wp\/v2\/comments?post=92942"}],"version-history":[{"count":9,"href":"https:\/\/www.pulse-z.eu\/de\/wp-json\/wp\/v2\/posts\/92942\/revisions"}],"predecessor-version":[{"id":92998,"href":"https:\/\/www.pulse-z.eu\/de\/wp-json\/wp\/v2\/posts\/92942\/revisions\/92998"}],"wp:attachment":[{"href":"https:\/\/www.pulse-z.eu\/de\/wp-json\/wp\/v2\/media?parent=92942"}],"wp:term":[{"taxonomy":"category","embeddable":true,"href":"https:\/\/www.pulse-z.eu\/de\/wp-json\/wp\/v2\/categories?post=92942"},{"taxonomy":"post_tag","embeddable":true,"href":"https:\/\/www.pulse-z.eu\/de\/wp-json\/wp\/v2\/tags?post=92942"},{"taxonomy":"post_formats","embeddable":true,"href":"https:\/\/www.pulse-z.eu\/de\/wp-json\/wp\/v2\/post_formats?post=92942"},{"taxonomy":"author","embeddable":true,"href":"https:\/\/www.pulse-z.eu\/de\/wp-json\/wp\/v2\/coauthors?post=92942"}],"curies":[{"name":"wp","href":"https:\/\/api.w.org\/{rel}","templated":true}]}}