{"id":8340,"date":"2025-06-21T16:16:48","date_gmt":"2025-06-21T16:16:48","guid":{"rendered":"https:\/\/www.pulse-z.eu\/?p=8340"},"modified":"2025-06-20T16:21:54","modified_gmt":"2025-06-20T16:21:54","slug":"gamifizierung-des-nationalismus-die-afd-und-die-politik-der-emotionalen-zugehorigkeit","status":"publish","type":"post","link":"https:\/\/www.pulse-z.eu\/de\/gamifizierung-des-nationalismus-die-afd-und-die-politik-der-emotionalen-zugehorigkeit\/","title":{"rendered":"Gamifizierung des Nationalismus: Die AfD und die Politik der emotionalen Zugeh\u00f6rigkeit"},"content":{"rendered":"\n<div id=\"attachment_3800\" class=\"wp-caption alignnone\" style=\"width: 1043px;\">\n<p><span style=\"color: #000000;\"><img loading=\"lazy\" decoding=\"async\" class=\"wp-image-3800 \" src=\"https:\/\/www.pulse-z.eu\/wp-content\/uploads\/2025\/06\/Seneca-at-the-Gym-Stoicism-and-Toxic-Masculinity-1-scaled.png\" sizes=\"auto, (max-width: 1033px) 100vw, 1033px\" srcset=\"https:\/\/www.pulse-z.eu\/wp-content\/uploads\/2025\/06\/Seneca-at-the-Gym-Stoicism-and-Toxic-Masculinity-1-scaled.png 2560w, https:\/\/www.pulse-z.eu\/wp-content\/uploads\/2025\/06\/Seneca-at-the-Gym-Stoicism-and-Toxic-Masculinity-1-768x230.png 768w, https:\/\/www.pulse-z.eu\/wp-content\/uploads\/2025\/06\/Seneca-at-the-Gym-Stoicism-and-Toxic-Masculinity-1-1536x461.png 1536w, https:\/\/www.pulse-z.eu\/wp-content\/uploads\/2025\/06\/Seneca-at-the-Gym-Stoicism-and-Toxic-Masculinity-1-2048x614.png 2048w\" alt=\"Collage von Yorgos KaragiorgosElemente: \u00a9 Muhammet Okur \/ Al Jazeera \u00b7 \u00a9 RomaToday (Graffiti: \u201eIl Ritorno\u201c \u2013 Plakat von Laika, mit Alice Weidel in Nazi-Uniform mit Hitlerschnurrbart) Titel: Die R\u00fcckkehr \u2013 Il Ritorno\" width=\"1033\" height=\"310\" aria-describedby=\"caption-attachment-3800\" \/><\/span><\/p>\n<h6 id=\"caption-attachment-3800\" class=\"wp-caption-text\"> <span style=\"color: #000000;\">Collage von Yorgos Karagiorgos Elemente: \u00a9 Muhammet Okur \/ Al Jazeera \u00b7 \u00a9 RomaToday (Graffiti: \u201eIl Ritorno\u201c \u2013 Plakat von Laika, mit Alice Weidel in Nazi-Uniform mit Hitlerschnurrbart) Titel: Die R\u00fcckkehr \u2013 Il Ritorno<\/span><\/h6>\n<\/div>\n<h1> <span style=\"color: #000000;\"><b>Das Gesicht der neuen Propaganda<\/b><\/span><\/h1>\n<p> <span style=\"color: #000000;\"><span style=\"font-weight: 400;\">Scrollen, scrollen, scrollen \u2013 eine junge Frau l\u00e4chelt und h\u00e4lt einen flugzeugf\u00f6rmigen Ballon; die \u00dcberschrift lautet \u201eDeportation Airlines\u201c. Scrollen, scrollen, scrollen \u2013 ein KI-generierter deutscher Mann, blond und maskulin, sch\u00fctzt den \u201edeutschen Markt\u201c vor KI-generierten Einwanderern, die Drogen verkaufen, begleitet von allen einschl\u00e4gigen Stereotypen. Das Obige ist nicht das Produkt einer Folge \u201eBlack Mirror\u201c; die Realit\u00e4t hat es \u00fcbertroffen. Der relevante Inhalt ist Teil echter Wahlwerbung der AfD [AfD, Alternative f\u00fcr Deutschland. Sie ist eine rechtsextreme nationalistische Partei, die f\u00fcr ihre einwanderungs- und EU-feindliche Haltung bekannt ist], aus TikTok-Edits und von Fans erstellten Inhalten, und formt ein neues politisches Universum, in dem Macht nicht nur auf \u00dcberzeugungsarbeit durch Rhetorik oder Ideologie beruht, sondern auf der emotionalen Bindung des Publikums durch Identit\u00e4t<\/span> (<a style=\"color: #000000;\" href=\"https:\/\/marcusboesch.de\/how-far-right-parties-are-winning-tiktok\/\" target=\"_blank\" rel=\"noopener\">4<\/a> ); <a style=\"color: #000000;\" href=\"https:\/\/doi.org\/10.1177\/14614448241251804\" target=\"_blank\" rel=\"noopener\">(5<\/a> ); <a style=\"color: #000000;\" href=\"https:\/\/tiktoktiktoktiktok.substack.com\/p\/140-pan-european-propaganda\" target=\"_blank\" rel=\"noopener\">(11<\/a> ).<\/span><\/p>\n<p> <span style=\"color: #000000;\"><span style=\"font-weight: 400;\">Diese Beschreibung verk\u00f6rpert das Konzept partizipativer Propaganda, bei der aktive Interaktion mit Inhalten durch Teilen und Produzieren unter denselben Codes stattfindet. Durch die Verbreitung dieser Inhalte entsteht ein System, in dem Ideologien neu gemischt und \u00e4sthetisiert werden, w\u00e4hrend Nutzer gemeinsam Inhalte mit Memes, Sounds, KI-Grafiken und Hashtags erstellen. So entsteht die Gemeinschaft einer imagin\u00e4ren Nation, in der das Publikum gemeinsam rassistische, anti-etablierte und neonationalistische Narrative verbreitet<\/span><a style=\"color: #000000;\" href=\"https:\/\/marcusboesch.de\/how-far-right-parties-are-winning-tiktok\/\" target=\"_blank\" rel=\"noopener\"><span style=\"font-weight: 400;\">(<\/span> <span style=\"font-weight: 400;\">4<\/span><\/a> <span style=\"font-weight: 400;\">).<\/span><\/span><\/p>\n<p> <span style=\"color: #000000;\"><span style=\"font-weight: 400;\">Die \u00e4sthetische Kosmogonie der AfD beschr\u00e4nkt sich nicht auf die blo\u00dfe Vervielfachung ihrer Anh\u00e4ngerschaft; durch eine Strategie, die auf Spott, Memes, viralen Wiederholungen und dem Einsatz von Musik basiert, gelingt es ihr, eine \u00c4sthetik zu entwickeln, die Politik erkennbar und damit erfolgreich macht, da sie Emotionen weckt, die mit dieser Politik identifiziert werden = Stimmungen, die Feindseligkeit, Humor und Angst f\u00f6rdern. Politikerinnen wie <a style=\"color: #000000;\" href=\"https:\/\/www.reuters.com\/world\/europe\/german-far-right-leader-is-chinese-speaking-economist-with-foreign-partner-2025-02-22\/?utm_source=chatgpt.com\" target=\"_blank\" rel=\"noopener\">Alice Weidel<\/a> (die Vorsitzende der AfD) erlangen den Status von \u201eInfluencerinnen\u201c, w\u00e4hrend die Beteiligung der Nutzer am digitalen Diskurs die Illusion politischer Mitgestaltung erzeugt<\/span><a style=\"color: #000000;\" href=\"https:\/\/marcusboesch.de\/how-far-right-parties-are-winning-tiktok\/\" target=\"_blank\" rel=\"noopener\"><span style=\"font-weight: 400;\">(<\/span> <span style=\"font-weight: 400;\">4<\/span><\/a> <span style=\"font-weight: 400;\">).<\/span><\/span> <\/p>\n<blockquote class=\"tiktok-embed\" style=\"max-width: 605px; min-width: 325px;\" cite=\"https:\/\/www.tiktok.com\/@revo.2025\/video\/7504320513469156630\" data-video-id=\"7504320513469156630\" data-embed-from=\"oembed\">\n<section> <a title=\"@revo.2025\" href=\"https:\/\/www.tiktok.com\/@revo.2025?refer=embed\" target=\"_blank\" rel=\"noopener\">@revo.2025<\/a> Alice Weidel zerlegt die Linken und benennt die wahren Extremisten | <a title=\"afd\" href=\"https:\/\/www.tiktok.com\/tag\/afd?refer=embed\" target=\"_blank\" rel=\"noopener\">#afd<\/a> <a title=\"aliceweidel\" href=\"https:\/\/www.tiktok.com\/tag\/aliceweidel?refer=embed\" target=\"_blank\" rel=\"noopener\">#aliceweidel<\/a> <a title=\"dielinke\" href=\"https:\/\/www.tiktok.com\/tag\/dielinke?refer=embed\" target=\"_blank\" rel=\"noopener\">#dielinke<\/a> <a title=\"Politik\" href=\"https:\/\/www.tiktok.com\/tag\/politik?refer=embed\" target=\"_blank\" rel=\"noopener\">#politik<\/a> <a title=\"Deutschland\" href=\"https:\/\/www.tiktok.com\/tag\/deutschland?refer=embed\" target=\"_blank\" rel=\"noopener\">#deutschland<\/a> <a title=\"Extremismus\" href=\"https:\/\/www.tiktok.com\/tag\/extremismus?refer=embed\" target=\"_blank\" rel=\"noopener\">#extremismus<\/a> <a title=\"Deutschland\" href=\"https:\/\/www.tiktok.com\/tag\/germany?refer=embed\" target=\"_blank\" rel=\"noopener\">#deutschland<\/a> <a title=\"Politik\" href=\"https:\/\/www.tiktok.com\/tag\/politics?refer=embed\" target=\"_blank\" rel=\"noopener\">#politik<\/a> <a title=\"\u266c Originalton - \ud83d\udd31 Brosly \ud83d\udd31\" href=\"https:\/\/www.tiktok.com\/music\/sonido-original-7314902219806608134?refer=embed\" target=\"_blank\" rel=\"noopener\">\u266c Originalton \u2013 \ud83d\udd31 Brosly \ud83d\udd31<\/a><\/p>\n<\/section>\n<\/blockquote>\n<p> <span style=\"color: #000000;\"><span style=\"font-weight: 400;\">Die Zahl der Fan-Accounts, die Inhalte zugunsten der AfD bewerben (12.790 im Vergleich zu nur 873 f\u00fcr die SPD), zeigt, dass die Beteiligung an der Erweiterung dieses \u00e4sthetischen Universums durch die Angebote selbst verst\u00e4rkt wird. Diese werden durch Remix-Tools, Musik und verst\u00e4rktes Engagement durch Kommentare bereichert und f\u00fchren zu einem algorithmusgetriebenen Anstieg. Der durchschnittliche Nutzer mit einer Neigung zur AfD kann zum Produzenten politischer Narrative werden, indem er Slogans wie \u201eDeutschland braucht die AfD\u201c und Animes verwendet. Das Ergebnis ist eine Entpolitisierung der Politik: Inhalte werden nicht aufgrund ihrer Ideen attraktiv, sondern aufgrund der Art und Weise, wie sie in ein \u00e4sthetisches Konsumprodukt verwandelt werden und so wenn nicht Bewusstsein, so doch Trends schaffen<\/span> <span style=\"font-weight: 400;\">(<\/span> <a style=\"color: #000000;\" href=\"https:\/\/www.fes.de\/public\/FES\/Newsletter-Bilder_APB\/PDFs\/FES-Analyse-Swipe-Like-Vote-v09.pdf\" target=\"_blank\" rel=\"noopener\"><span style=\"font-weight: 400;\">1<\/span><\/a> <span style=\"font-weight: 400;\">);<\/span><a style=\"color: #000000;\" href=\"https:\/\/marcusboesch.de\/how-far-right-parties-are-winning-tiktok\/\" target=\"_blank\" rel=\"noopener\"><span style=\"font-weight: 400;\">(<\/span> <span style=\"font-weight: 400;\">4<\/span><\/a> <span style=\"font-weight: 400;\">).<\/span><\/span><\/p>\n<p> <span style=\"color: #000000;\"><span style=\"font-weight: 400;\">Laut Julian Hohner ist diese Teilnahme jedoch nicht spontan, sondern kalkuliert, da diese digitale Kampagne durch einen Algorithmus verst\u00e4rkt wird, der die Nutzer in radikale Abgr\u00fcnde treibt, in denen das Extreme zum Mainstream wird. Die visuelle Idealisierung deutscher \u201eReinheit\u201c und die gleichzeitige Darstellung von Einwanderern als \u201eSchatten\u201c durch KI-generierte Bilder ist eine Fortsetzung der Propagandamotive der Nazizeit, die nun durch Werkzeuge der k\u00fcnstlichen Intelligenz verst\u00e4rkt wird (<\/span> <a style=\"color: #000000;\" href=\"https:\/\/www.npr.org\/2024\/04\/18\/1245478934\/germanys-far-right-afd-is-thriving-on-tiktok-why\" target=\"_blank\" rel=\"noopener\"><span style=\"font-weight: 400;\">9<\/span><\/a> <span style=\"font-weight: 400;\">).<\/span><\/span><\/p>\n<p> <span style=\"color: #000000;\"><span style=\"font-weight: 400;\">Das Bewusstsein daf\u00fcr, dass diese \u201eoberfl\u00e4chlichen\u201c Inhalte gef\u00f6rdert werden, bedeutet jedoch nicht zwangsl\u00e4ufig, dass die oberfl\u00e4chliche Gamifizierung politischer Inhalte nicht nur zu einer Entpolitisierung f\u00fchrt, sondern auch, dass es sich bei diesen Erstellern nicht um politisch organisierte Aktivisten handelt, sondern um junge Nutzer, die TikTok als eine B\u00fchne betrachten, auf der Stil \u00fcber Substanz siegt und AfD-\u00c4sthetik als Mode oder Memes reproduziert wird (<\/span> <a style=\"color: #000000;\" href=\"https:\/\/doi.org\/10.1177\/14614448241251804\" target=\"_blank\" rel=\"noopener\"><span style=\"font-weight: 400;\">5<\/span><\/a> <span style=\"font-weight: 400;\">).<\/span><\/span><\/p>\n<p> <span style=\"color: #000000;\"><span style=\"font-weight: 400;\">Ein typisches Beispiel f\u00fcr die Reproduktion der AfD-Ideologie durch \u00e4sthetische Inhalte \u2013 die sich allerdings nicht direkt, sondern indirekt und ideologisch darauf beziehen \u2013 ist der Ruf \u201eAusl\u00e4nder raus, Deutschland den Deutschen\u201c, den diverse reiche Kids auf Partys singen und dabei nicht an einem ideologischen Kampf teilnehmen, sondern Macht, Reaktion und kulturelle Opposition repr\u00e4sentieren. So wird Politik zum Erlebnis, zu einem weiteren Teil der Stimmung des Feeds, notwendig nicht weil sie \u00fcberzeugend ist, sondern weil sie Identit\u00e4t, Zugeh\u00f6rigkeit und einen \u00e4sthetischen Rahmen bietet, innerhalb dessen man \u201eetwas sein\u201c kann, wenn auch nur vor\u00fcbergehend, wenn auch ironisch, wenn auch mit Leichtigkeit (<\/span> <a style=\"color: #000000;\" href=\"https:\/\/p.dw.com\/p\/4gLe4\" target=\"_blank\" rel=\"noopener\"><span style=\"font-weight: 400;\">6<\/span><\/a> <span style=\"font-weight: 400;\">).<\/span><\/span> <\/p>\n<blockquote class=\"tiktok-embed\" style=\"max-width: 605px; min-width: 325px;\" cite=\"https:\/\/www.tiktok.com\/@fantasymo\/video\/7470847858355277078\" data-video-id=\"7470847858355277078\" data-embed-from=\"oembed\">\n<section> <a title=\"@fantasymo\" href=\"https:\/\/www.tiktok.com\/@fantasymo?refer=embed\" target=\"_blank\" rel=\"noopener\">@fantasymo<\/a> AFD GEWONNEN <a title=\"KI\" href=\"https:\/\/www.tiktok.com\/tag\/ai?refer=embed\" target=\"_blank\" rel=\"noopener\">#ai<\/a> <a title=\"Animation\" href=\"https:\/\/www.tiktok.com\/tag\/animation?refer=embed\" target=\"_blank\" rel=\"noopener\">#animation<\/a> <a title=\"Politik\" href=\"https:\/\/www.tiktok.com\/tag\/politics?refer=embed\" target=\"_blank\" rel=\"noopener\">#politik<\/a> <a title=\"Geschichte\" href=\"https:\/\/www.tiktok.com\/tag\/history?refer=embed\" target=\"_blank\" rel=\"noopener\">#geschichte<\/a> <a title=\"Deutschland\" href=\"https:\/\/www.tiktok.com\/tag\/germany?refer=embed\" target=\"_blank\" rel=\"noopener\">#deutschland<\/a> <a title=\"fyp\" href=\"https:\/\/www.tiktok.com\/tag\/fyp?refer=embed\" target=\"_blank\" rel=\"noopener\">#fyp<\/a> <a title=\"\u266c Ende vom Anfang - Djo\" href=\"https:\/\/www.tiktok.com\/music\/End-of-Beginning-7302500653593561898?refer=embed\" target=\"_blank\" rel=\"noopener\">\u266c Ende vom Anfang \u2013 Djo<\/a><\/p>\n<\/section>\n<\/blockquote>\n<h3> <span style=\"color: #000000;\"><strong>Neuerfindung der nationalen Identit\u00e4t durch KI<\/strong><\/span><\/h3>\n<p> <span style=\"color: #000000;\"><span style=\"font-weight: 400;\">Die oben genannten Punkte sind Anzeichen f\u00fcr einen bewussten Wandel in der heutigen politischen Kommunikation. In Brandenburg, wo die Partei in den Umfragen f\u00fchrt, wurden eine Reihe von KI-generierten Werbespots ver\u00f6ffentlicht, die eine bipolare Welt pr\u00e4sentieren: Auf der einen Seite gibt es saubere, gut organisierte, \u201egl\u00fcckliche\u201c deutsche St\u00e4dte mit \u201earischen\u201c B\u00fcrgern, auf der anderen Seite dunkle St\u00e4dte mit \u201eInvasoren\u201c aus L\u00e4ndern des Nahen Ostens und Afrikas, die einen fiktiven Rand zur Normalit\u00e4t erhoben und Deutschland in den Zerfall gef\u00fchrt haben (<\/span> <a style=\"color: #000000;\" href=\"https:\/\/tiktoktiktoktiktok.substack.com\/p\/140-pan-european-propaganda\" target=\"_blank\" rel=\"noopener\"><span style=\"font-weight: 400;\">11<\/span><\/a> <span style=\"font-weight: 400;\">)<\/span> <b>.<\/b><\/span><\/p>\n<p> <span style=\"color: #000000;\"><span style=\"font-weight: 400;\">Diese manich\u00e4ische \u00c4sthetik erzeugt mittels k\u00fcnstlicher Intelligenz Bilder und Szenarien, die keinen Erfahrungsbezug haben, sondern kulturelle Archetypen aktivieren \u2013 Vorurteile, bei denen Identit\u00e4ten durch den Konflikt zwischen \u201eGut und B\u00f6se\u201c nicht rational, sondern durch eine emotionale Abw\u00e4rtsbewegung konstruiert werden, in der Angst und Unsicherheit vorherrschen (<\/span> <a style=\"color: #000000;\" href=\"https:\/\/tiktoktiktoktiktok.substack.com\/p\/140-pan-european-propaganda\" target=\"_blank\" rel=\"noopener\"><span style=\"font-weight: 400;\">11<\/span><\/a> <span style=\"font-weight: 400;\">). Es ist kein Zufall, dass diese Videos trotz offensichtlicher \u201eFehler\u201c in der Darstellung, wie z. B. St\u00f6rungen, Hunderttausende von Aufrufen erzielten.<\/span><\/span> <\/p>\n<\/p>\n<blockquote class=\"tiktok-embed\" style=\"max-width: 605px; min-width: 325px;\" cite=\"https:\/\/www.tiktok.com\/@lifecreator777\/video\/7461406764282449174\" data-video-id=\"7461406764282449174\" data-embed-from=\"oembed\">\n<section> <a title=\"@lifecreator777\" href=\"https:\/\/www.tiktok.com\/@lifecreator777?refer=embed\" target=\"_blank\" rel=\"noopener\">@lifecreator777<\/a> <a title=\"Freiheit\" href=\"https:\/\/www.tiktok.com\/tag\/freedom?refer=embed\" target=\"_blank\" rel=\"noopener\">#freedom<\/a> <a title=\"freicheit\" href=\"https:\/\/www.tiktok.com\/tag\/freicheit?refer=embed\" target=\"_blank\" rel=\"noopener\">#freicheit<\/a> <a title=\"Gernany\ud83c\udde9\ud83c\uddea\" href=\"https:\/\/www.tiktok.com\/tag\/gernany%F0%9F%87%A9%F0%9F%87%AA?refer=embed\" target=\"_blank\" rel=\"noopener\">#gernany\ud83c\udde9\ud83c\uddea<\/a> <a title=\"\u266c epischer Kriegsfilmtrailer (1537552) - Chau\" href=\"https:\/\/www.tiktok.com\/music\/epic-war-cinematic-trailer-1537552-7358900599401777168?refer=embed\" target=\"_blank\" rel=\"noopener\">\u266c epischer Kriegs-Kinotrailer (1537552) \u2013 Chau<\/a><\/p>\n<\/section>\n<\/blockquote>\n<p> <span style=\"color: #000000;\"><span style=\"font-weight: 400;\">Marcus B\u00f6sch definiert dies als \u201eSlopaganda\u201c, eine Art Propaganda mit niedrigem \u00e4sthetischen Anspruch, aber hoher emotionaler Aufladung. Retrofuturistische \u00c4sthetik, zentral platzierte EU-Flaggen und Themen, die die \u201eGr\u00f6\u00dfe Europas\u201c preisen, werden auf eindrucksvolle Weise pr\u00e4sentiert \u2013 ein Trend, der paneurop\u00e4ischen Charakter zu gewinnen scheint, Erfolge verbuchen kann und Besorgnis ausl\u00f6st, da das \u00dcberwiegen von Emotionen gegen\u00fcber Argumenten und rationalem Umgang mit Ideen in einer Zeit multipler Krisen und in einem Europa, das versucht, sich neu zu erfinden, zu einer Teratogenese f\u00fchren k\u00f6nnte (<\/span><a style=\"color: #000000;\" href=\"https:\/\/marcusboesch.de\/how-far-right-parties-are-winning-tiktok\/\" target=\"_blank\" rel=\"noopener\"><span style=\"font-weight: 400;\">4<\/span><\/a> <span style=\"font-weight: 400;\">); (<\/span> <a style=\"color: #000000;\" href=\"https:\/\/doi.org\/10.1177\/14614448241251804\" target=\"_blank\" rel=\"noopener\"><span style=\"font-weight: 400;\">5<\/span><\/a> <span style=\"font-weight: 400;\">).<\/span><\/span><\/p>\n<\/p>\n<h3> <span style=\"color: #000000;\"><strong>Wie integriert die AfD junge Menschen?<\/strong><\/span><\/h3>\n<p> <span style=\"color: #000000;\"><span style=\"font-weight: 400;\">Denn was dieser Art von Propaganda ihren Namen gibt \u2013 \u201epartizipativ\u201c \u2013 ist zugleich der Grund f\u00fcr ihren Erfolg: die Verbindung von Politik und Gemeinschaft. Alice Weidels \u201eFan Edits\u201c, nationalistisch konnotierte Lieder, Redeimitationen und repetitive Soundbites (Deutschland braucht die AfD) konstituieren eine neue Form politischer Partizipation. AfD-Anh\u00e4nger scheinen nicht das Gef\u00fchl zu haben, f\u00fcr eine Partei einzutreten und deren politische Macht zu st\u00e4rken, sondern sich einer digitalen Bewegung zuzugeh\u00f6ren, die ihrer nationalen Angst auf \u00e4sthetisch vertraute und sozial erkennbare Weise Ausdruck verleiht. Folglich liegt der kommunikative Erfolg auch in einer populistischen Politik der Vertrautheit, die unser Verst\u00e4ndnis demokratischer Partizipation im Meta-Zeitalter ver\u00e4ndert (<\/span> <a style=\"color: #000000;\" href=\"https:\/\/eucoda.org\/publications\/the-social-media-domination-of-the-german-far-right\/\" target=\"_blank\" rel=\"noopener\"><span style=\"font-weight: 400;\">2<\/span><\/a> <span style=\"font-weight: 400;\">);<\/span><a style=\"color: #000000;\" href=\"https:\/\/marcusboesch.de\/how-far-right-parties-are-winning-tiktok\/\" target=\"_blank\" rel=\"noopener\"><span style=\"font-weight: 400;\">(<\/span> <span style=\"font-weight: 400;\">4<\/span><\/a> <span style=\"font-weight: 400;\">);<\/span> <a style=\"color: #000000;\" href=\"https:\/\/techpolicy.press\/what-afds-dark-campaign-in-germany-tells-us-about-disinformation\/\" target=\"_blank\" rel=\"noopener\"><span style=\"font-weight: 400;\">(<\/span> <span style=\"font-weight: 400;\">8<\/span><\/a> <span style=\"font-weight: 400;\">)<\/span> ; <a style=\"color: #000000;\" href=\"https:\/\/vsquare.org\/how-the-far-right-and-far-left-went-viral-on-german-tiktok\/\" target=\"_blank\" rel=\"noopener\"><span style=\"font-weight: 400;\">(<\/span> <span style=\"font-weight: 400;\">10<\/span><\/a> <span style=\"font-weight: 400;\">).<\/span><\/span><\/p>\n<p> <span style=\"color: #000000;\"><span style=\"font-weight: 400;\">In einer verwandten Studie zeigen das Institut der deutschen Wirtschaft und die<\/span> <a style=\"color: #000000;\" href=\"https:\/\/www.fes.de\/public\/FES\/Newsletter-Bilder_APB\/PDFs\/FES-Analyse-Swipe-Like-Vote-v09.pdf\" target=\"_blank\" rel=\"noopener\"><span style=\"font-weight: 400;\">Amadeu Antonio Stiftung<\/span><\/a> <span style=\"font-weight: 400;\">, dass die AfD das umfangreichste TikTok-\u00d6kosystem an \u201eFans\u201c aller Parteien aufgebaut hat, was nicht nur ein Zeichen f\u00fcr zahlenm\u00e4\u00dfigen Erfolg, sondern auch f\u00fcr die Hegemonie digitaler Erz\u00e4hlweisen ist<\/span> <a style=\"color: #000000;\" href=\"https:\/\/www.fes.de\/public\/FES\/Newsletter-Bilder_APB\/PDFs\/FES-Analyse-Swipe-Like-Vote-v09.pdf\" target=\"_blank\" rel=\"noopener\"><span style=\"font-weight: 400;\">(1)<\/span><\/a> <span style=\"font-weight: 400;\">.<\/span><\/span><\/p>\n<p> <span style=\"color: #000000;\"><span style=\"font-weight: 400;\">Die Plattform TikTok verwandelt Politik in ein kontinuierliches kulturelles Erlebnis, das in wenigen Sekunden in Ton und Bild zug\u00e4nglich ist. Sie erm\u00f6glicht es relevanten Narrativen, in einem unterhaltsamen Gewand auf den \u201e\u00f6ffentlichen Platz\u201c zu \u201etreten\u201c. Sie bezieht eine politisch unreife Altersgruppe ein und setzt sie ideologischen Inhalten aus, die sich \u2013 wie bereits erw\u00e4hnt \u2013 nicht auf der Ebene der Ideen bewegen, wobei m\u00f6glicherweise die politischen Urspr\u00fcnge dessen \u00fcbersehen werden, woran sie teilnehmen. Die hohe Akzeptanz der AfD unter jungen Menschen \u2013 laut einer aktuellen Umfrage unterst\u00fctzen 22 % der 14- bis 29-J\u00e4hrigen die AfD \u2013 offenbart einen entscheidenden Wandel: Die neue Generation f\u00fchlt sich nicht von Radikalismus abgesto\u00dfen, sondern erlebt ihn als Authentizit\u00e4t, und das innerhalb einer politischen Landschaft, die sie als \u201egeschlossenen\u201c und ziemlich korrupten Zirkel von Personen und Praktiken erlebt<\/span> <a style=\"color: #000000;\" href=\"https:\/\/www.fes.de\/public\/FES\/Newsletter-Bilder_APB\/PDFs\/FES-Analyse-Swipe-Like-Vote-v09.pdf\" target=\"_blank\" rel=\"noopener\"><span style=\"font-weight: 400;\">(1)<\/span><\/a> <span style=\"font-weight: 400;\">,<\/span> <a style=\"color: #000000;\" href=\"https:\/\/eucoda.org\/publications\/the-social-media-domination-of-the-german-far-right\/\" target=\"_blank\" rel=\"noopener\"><span style=\"font-weight: 400;\">(2)<\/span><\/a> <span style=\"font-weight: 400;\">,<\/span><a style=\"color: #000000;\" href=\"https:\/\/marcusboesch.de\/how-far-right-parties-are-winning-tiktok\/\" target=\"_blank\" rel=\"noopener\"><span style=\"font-weight: 400;\">(4)<\/span><\/a> <b>.<\/b><\/span><\/p>\n<p> <span style=\"color: #000000;\"><span style=\"font-weight: 400;\">Die Gamifizierung der Politik dient auch der sozialen Inklusion junger Menschen, die Entfremdung erfahren oder sich als Anti-Establishment-Anh\u00e4nger sehen. Die M\u00f6glichkeit, an der Kommunikationspolitik der AfD mitzuwirken, verschafft ihnen digitale Sichtbarkeit und erm\u00f6glicht es ihnen, im \u00f6ffentlichen Raum geh\u00f6rt und gesehen zu werden wie nie zuvor. Diese Nutzer finden im digitalen Aktivismus zugunsten der AfD nicht nur Inhalte, sondern auch Anerkennung, Teilhabe und Gemeinschaft, wobei die AfD vom Fehlen einer entsprechenden emotionalen Sprache der demokratischen Parteien profitiert (<\/span> <a style=\"color: #000000;\" href=\"https:\/\/doi.org\/10.1177\/14614448241251804\" target=\"_blank\" rel=\"noopener\"><span style=\"font-weight: 400;\">5<\/span><\/a> <span style=\"font-weight: 400;\">).<\/span><\/span><\/p>\n<p> <span style=\"color: #000000;\"><span style=\"font-weight: 400;\">Das Publikum dieser Inhalte sind nat\u00fcrlich nicht nur politisch Ausgegrenzte, sondern auch junge Menschen aus privilegierten sozialen Schichten, wie der Vorfall auf Sylt (einer Luxusinsel in Deutschland, bekannt f\u00fcr Reichtum, Strandclubs und Elite-Besucher) gezeigt hat. F\u00fcr diese soziale Gruppe geht es nicht um Sichtbarkeit und das Bed\u00fcrfnis nach Teilhabe \u2013 oder gar um die vollst\u00e4ndige Identifikation mit diesen Ideen \u2013, sondern vielmehr um eine privilegierte Beziehung zur Welt ohne Grenzen, ein (Zusammen-)Leben und die \u00dcberwindung der existenziellen Leere durch die Suche nach Identit\u00e4t. Die sogenannten \u201eWohlstandsverwahrlosen\u201c (junge Menschen, die im Wohlstand, aber ohne moralische F\u00fchrung oder emotionale N\u00e4he aufgewachsen sind) f\u00fchlen sich von der konfrontativen Stimmung und der \u201eAnti-Establishment\u201c-Fassade der extremen Rechten angezogen. Die AfD bietet ihnen durch ihre Anti-Establishment-Haltung, die ihre Interessen nicht bedroht, eine \u201erevolution\u00e4re\u201c Stimme und ein Ziel. Die Reproduktion von Nazi-Parolen auf Sylt dient ihnen als Identit\u00e4tstest in einem Umfeld ohne Konsequenzen und best\u00e4tigt, dass Radikalisierung kein Klassenph\u00e4nomen, sondern ein bewusstes, kulturelles Konstrukt ist, das f\u00fcr seine Teilnehmer auch sozial lohnend sein kann. Letztendlich bietet die AfD ihnen keine L\u00f6sungen, sondern Integration, Identit\u00e4t und einen Gegner \u2013 und damit ein Ziel (<\/span> <a style=\"color: #000000;\" href=\"https:\/\/p.dw.com\/p\/4gLe4\" target=\"_blank\" rel=\"noopener\"><span style=\"font-weight: 400;\">6<\/span><\/a> <span style=\"font-weight: 400;\">).<\/span><\/span><\/p>\n<\/p>\n<h2> <span style=\"color: #000000;\"><strong>Von der Kampagne zum Erlebnis<\/strong><\/span><\/h2>\n<p> <span style=\"color: #000000;\"><span style=\"font-weight: 400;\">Zusammenfassend zeigt die neue Art der AfD-Propaganda, dass effektive politische Kommunikation im digitalen Zeitalter nicht nur dialektisch \u00fcber Positionen und Vorschl\u00e4ge funktioniert, sondern viel mehr erreicht, wenn sie sich in den Bereich von \u00c4sthetik, Identit\u00e4t und emotionalem Engagement wagt. Die Visualisierung von Ideologie zielt nicht unbedingt auf Stimmen ab; sie zielt auf Shares, Memes und Co-Creation. Dies pr\u00e4gt eine neue Art der \u201ePartizipation\u201c, die eher erfahrungsbasiert und emotional als rational ist (<\/span> <a style=\"color: #000000;\" href=\"https:\/\/doi.org\/10.1177\/14614448241251804\" target=\"_blank\" rel=\"noopener\"><span style=\"font-weight: 400;\">5<\/span><\/a> <span style=\"font-weight: 400;\">).<\/span><\/span><\/p>\n<p> <span style=\"color: #000000;\"><span style=\"font-weight: 400;\">Die AfD hat nicht einfach die Kommunikationsm\u00f6glichkeiten der Plattform ausgenutzt, sondern eine digitale hypernationale Fantasie konstruiert. Schlie\u00dflich sind Nationen nicht einfach biologische Gemeinschaften, sondern \u201eimagin\u00e4re Konstrukte, die auf performativen Formen von Erinnerung und Tradition basieren\u201c (<\/span> <a style=\"color: #000000;\" href=\"https:\/\/doi.org\/10.1017\/CBO9781107295636\" target=\"_blank\" rel=\"noopener\"><span style=\"font-weight: 400;\">7<\/span><\/a> <span style=\"font-weight: 400;\">). Im Fall der AfD wird diese Performativit\u00e4t nicht mehr in Nationalfeiern und Schulb\u00fcchern reproduziert, sondern in TikTok-Loops, in den Kl\u00e4ngen und Filtern eines nostalgischen, \u201ereinen\u201c Deutschlands, das es vielleicht nie gegeben hat.<\/span><\/span><\/p>\n<p> <span style=\"font-weight: 400; color: #000000;\">Das Ph\u00e4nomen der \u201eMitmachpropaganda\u201c warnt uns am Beispiel der AfD davor, dass die demokratische \u00d6ffentlichkeit nicht nur durch Repressionen, sondern auch durch trendbasierte Partizipation, eine m\u00f6gliche Identifikation durch Ironie, Angst und die Konstruktion einer emotional aufgeladenen Gemeinschaft, die die Nation bewacht und zu diesem digitalen Kreuzzug der Memes aufruft, bedroht ist.<\/span><\/p>\n<p> <span style=\"color: #000000;\"><span style=\"font-weight: 400;\">Die Antwort auf dieses Ph\u00e4nomen kann nicht einfach eine Dekonstruktion sein; im Gegenteil, es besteht dringender Bedarf an der Neugestaltung einer demokratischen Kultur der Zugeh\u00f6rigkeit, in der die existenziellen Bed\u00fcrfnisse junger Menschen nach Mitsprache, Gemeinschaft und einer bestimmten Rolle zum Ausdruck kommen k\u00f6nnen. Denn wenn sich die Nation mit billigen Filtern und Tricks neu erfinden kann, dann kann \u2013 und muss \u2013 Demokratie zu einer partizipativen Erfahrung werden; schlie\u00dflich hat sie so begonnen, und eine R\u00fcckkehr zu ihren Wurzeln durch Rationalit\u00e4t statt illusion\u00e4rer Tr\u00e4ume kann Erinnerungen wecken, wie etwa eine neue Artikulation der<\/span> <a style=\"color: #000000;\" href=\"https:\/\/www.crisiscritique.org\/storage\/app\/media\/2018-11-29\/ranciere.pdf?utm_source=chatgpt.com\" target=\"_blank\" rel=\"noopener\"><span style=\"font-weight: 400;\">\u201eImagination au pouvoir\u201c<\/span><\/a> <span style=\"font-weight: 400;\">.<\/span><\/span><\/p>\n<h3><\/h3>\n<h3> <span style=\"color: #000000;\"><b>Endnoten<\/b><\/span><\/h3>\n<p> <span style=\"color: #000000;\"><span style=\"font-weight: 400;\">1.Amadeu Antonio Stiftung, &amp; Else-Frenkel-Brunswik-Institut. (2024).<\/span> <i><span style=\"font-weight: 400;\">Swipe, like, vote: Rechtsextreme Radikalisierung und Gegenstrategien auf TikTok<\/span><\/i> <span style=\"font-weight: 400;\">. Friedrich-Ebert-Stiftung. https:\/\/www.fes.de\/public\/FES\/Newsletter-Bilder_APB\/PDFs\/FES-Analyse-Swipe-Like-Vote-v09.pdf<\/span><\/span><\/p>\n<\/p>\n<p> <span style=\"color: #000000;\"><span style=\"font-weight: 400;\">2. Beauduin, A. (2025, M\u00e4rz).<\/span> <i><span style=\"font-weight: 400;\">Die Social-Media-Dominanz der deutschen extremen Rechten<\/span><\/i> <span style=\"font-weight: 400;\">. European Center for Digital Action. https:\/\/eucoda.org\/publications\/the-social-media-domination-of-the-german-far-right\/<\/span><\/span><\/p>\n<\/p>\n<p> <span style=\"color: #000000;\"><span style=\"font-weight: 400;\">3. Blumenthaler, L. (2024, 26. M\u00e4rz).<\/span> <i><span style=\"font-weight: 400;\">Warum die AfD auf TikTok gerade so erfolgreich ist<\/span><\/i> <span style=\"font-weight: 400;\">. Amadeu Antonio Stiftung. https:\/\/www.amadeu-antonio-stiftung.de\/warum-die-afd-auf-tiktok-gerade-so-erfolgreich-ist-110311\/<\/span><\/span><\/p>\n<\/p>\n<p> <span style=\"color: #000000;\"><span style=\"font-weight: 400;\">4. B\u00f6sch, M. (2023).<\/span> <i><span style=\"font-weight: 400;\">Wie rechtsextreme Parteien TikTok erobern<\/span><\/i> <span style=\"font-weight: 400;\">. marcusboesch.de. https:\/\/marcusboesch.de\/wie-rechtsextreme-parteien-tiktok-erobern\/<\/span><\/span><\/p>\n<\/p>\n<p> <span style=\"color: #000000;\"><span style=\"font-weight: 400;\">5. B\u00f6sch, M., &amp; Divon, T. (2024).<\/span> <i><span style=\"font-weight: 400;\">Der Klang der Desinformation: TikTok, computergest\u00fctzte Propaganda und die Invasion der Ukraine<\/span><\/i> <span style=\"font-weight: 400;\">.<\/span> <i><span style=\"font-weight: 400;\">Neue Medien &amp; Gesellschaft, 26<\/span><\/i> <span style=\"font-weight: 400;\">(9). https:\/\/doi.org\/10.1177\/14614448241251804<\/span><\/span><\/p>\n<\/p>\n<p> <span style=\"color: #000000;\"><span style=\"font-weight: 400;\">6. Thurau, K. (2024, 27. Mai).<\/span> <i><span style=\"font-weight: 400;\">Warum Nazi-Parolen und Fremdenfeindlichkeit reiche Kinder ansprechen<\/span><\/i> <span style=\"font-weight: 400;\">.<\/span> <i><span style=\"font-weight: 400;\">Deutsche Welle<\/span><\/i> <span style=\"font-weight: 400;\">. https:\/\/p.dw.com\/p\/4gLe4<\/span><\/span><\/p>\n<\/p>\n<p> <span style=\"color: #000000;\"><span style=\"font-weight: 400;\">7. Hobsbawm, E., &amp; Ranger, T. (Hrsg.). (1983).<\/span> <i><span style=\"font-weight: 400;\">Die Erfindung der Tradition<\/span><\/i> <span style=\"font-weight: 400;\">. Cambridge University Press. https:\/\/doi.org\/10.1017\/CBO9781107295636<\/span><\/span><\/p>\n<p> <span style=\"color: #000000;\"><span style=\"font-weight: 400;\">8. Kartte, F. (3. Oktober 2024).<\/span> <i><span style=\"font-weight: 400;\">Was uns die AfD-Dark-Kampagne in Deutschland \u00fcber Desinformation verr\u00e4t<\/span><\/i> <span style=\"font-weight: 400;\">.<\/span> <i><span style=\"font-weight: 400;\">Tech Policy Press<\/span><\/i> <span style=\"font-weight: 400;\">. https:\/\/techpolicy.press\/what-afds-dark-campaign-in-germany-tells-us-about-disinformation\/<\/span><\/span><\/p>\n<\/p>\n<p> <span style=\"color: #000000;\"><span style=\"font-weight: 400;\">9. Schmitz, R. (18. April 2024).<\/span> <i><span style=\"font-weight: 400;\">Die rechtsextreme AfD in Deutschland boomt auf TikTok. Warum<\/span><\/i> <span style=\"font-weight: 400;\">?<\/span> <i><span style=\"font-weight: 400;\">https:\/\/www.npr.org\/2024\/04\/18\/1245478934\/germanys-far-right-afd-is-thriving-on-tiktok-why<\/span><\/i><\/span><\/p>\n<\/p>\n<p> <span style=\"color: #000000;\"><span style=\"font-weight: 400;\">10. \u0160lerka, J. (17. April 2025).<\/span> <i><span style=\"font-weight: 400;\">Wie die extreme Rechte und die extreme Linke auf deutschem TikTok viral gingen<\/span><\/i> <span style=\"font-weight: 400;\">.<\/span> <i><span style=\"font-weight: 400;\">Investigace.cz \/ Vsquare<\/span><\/i> <span style=\"font-weight: 400;\">.<\/span> <a style=\"color: #000000;\" href=\"https:\/\/vsquare.org\/how-the-far-right-and-far-left-went-viral-on-german-tiktok\/\" target=\"_blank\" rel=\"noopener\"><span style=\"font-weight: 400;\">https:\/\/vsquare.org\/how-the-far-right-and-far-left-went-viral-on-german-tiktok\/<\/span><\/a><\/span><\/p>\n<\/p>\n<p> <span style=\"color: #000000;\"><span style=\"font-weight: 400;\">11. B\u00f6sch, M. (2025, 4. M\u00e4rz).<\/span> <i><span style=\"font-weight: 400;\">140: Paneurop\u00e4ische Propaganda<\/span><\/i> <span style=\"font-weight: 400;\">. Unterstapel. https:\/\/tiktoktiktoktiktok.substack.com\/p\/140-pan-european-propaganda<\/span><\/span><\/p>\n","protected":false},"excerpt":{"rendered":"<p>Collage von Yorgos Karagiorgos Elemente: \u00a9 Muhammet Okur \/ Al Jazeera \u00b7 \u00a9 RomaToday (Graffiti: \u201eIl Ritorno\u201c \u2013 Plakat von Laika, mit Alice Weidel in Nazi-Uniform mit Hitlerschnurrbart) Titel: Die R\u00fcckkehr \u2013 Il Ritorno Das [&hellip;]<\/p>\n","protected":false},"author":355,"featured_media":7642,"comment_status":"closed","ping_status":"closed","sticky":false,"template":"","format":"standard","meta":{"_acf_changed":false,"footnotes":""},"categories":[698,567,701,702],"tags":[2467,1746,2062],"post_formats":[645],"coauthors":[],"class_list":["post-8340","post","type-post","status-publish","format-standard","has-post-thumbnail","hentry","category-aktuelle-angelegenheiten","category-allgemein","category-fehlinformation","category-technologie-de","tag-disinformation-de","tag-misinformation-de","tag-platform-governance-de","post_formats-artikel"],"acf":[],"_links":{"self":[{"href":"https:\/\/www.pulse-z.eu\/de\/wp-json\/wp\/v2\/posts\/8340","targetHints":{"allow":["GET"]}}],"collection":[{"href":"https:\/\/www.pulse-z.eu\/de\/wp-json\/wp\/v2\/posts"}],"about":[{"href":"https:\/\/www.pulse-z.eu\/de\/wp-json\/wp\/v2\/types\/post"}],"author":[{"embeddable":true,"href":"https:\/\/www.pulse-z.eu\/de\/wp-json\/wp\/v2\/users\/355"}],"replies":[{"embeddable":true,"href":"https:\/\/www.pulse-z.eu\/de\/wp-json\/wp\/v2\/comments?post=8340"}],"version-history":[{"count":75,"href":"https:\/\/www.pulse-z.eu\/de\/wp-json\/wp\/v2\/posts\/8340\/revisions"}],"predecessor-version":[{"id":23277,"href":"https:\/\/www.pulse-z.eu\/de\/wp-json\/wp\/v2\/posts\/8340\/revisions\/23277"}],"wp:featuredmedia":[{"embeddable":true,"href":"https:\/\/www.pulse-z.eu\/de\/wp-json\/wp\/v2\/media\/7642"}],"wp:attachment":[{"href":"https:\/\/www.pulse-z.eu\/de\/wp-json\/wp\/v2\/media?parent=8340"}],"wp:term":[{"taxonomy":"category","embeddable":true,"href":"https:\/\/www.pulse-z.eu\/de\/wp-json\/wp\/v2\/categories?post=8340"},{"taxonomy":"post_tag","embeddable":true,"href":"https:\/\/www.pulse-z.eu\/de\/wp-json\/wp\/v2\/tags?post=8340"},{"taxonomy":"post_formats","embeddable":true,"href":"https:\/\/www.pulse-z.eu\/de\/wp-json\/wp\/v2\/post_formats?post=8340"},{"taxonomy":"author","embeddable":true,"href":"https:\/\/www.pulse-z.eu\/de\/wp-json\/wp\/v2\/coauthors?post=8340"}],"curies":[{"name":"wp","href":"https:\/\/api.w.org\/{rel}","templated":true}]}}