{"id":76380,"date":"2025-08-30T09:12:55","date_gmt":"2025-08-30T09:12:55","guid":{"rendered":"https:\/\/www.pulse-z.eu\/the-revista-2000-experiment-how-young-people-see-the-school-press-and-what-they-think-about-future-journalists\/"},"modified":"2025-12-23T15:30:56","modified_gmt":"2025-12-23T15:30:56","slug":"das-revista-2000-experiment-wie-junge-menschen-die-schulerzeitung-sehen-und-was-sie-uber-zukunftige-journalisten-denken","status":"publish","type":"post","link":"https:\/\/www.pulse-z.eu\/de\/das-revista-2000-experiment-wie-junge-menschen-die-schulerzeitung-sehen-und-was-sie-uber-zukunftige-journalisten-denken\/","title":{"rendered":"Das Revista 2000+ Experiment: Wie junge Menschen die Sch\u00fclerzeitung sehen und was sie \u00fcber zuk\u00fcnftige Journalisten denken"},"content":{"rendered":"\n<p class=\"fara-orfani\">This is the opinion of Gergely Sarah-Maria, a student from the &#8220;Samuel von Brukenthal&#8221; National College in Sibiu, at the end of her participation in the &#8220;Revista 2000+&#8221; summer school, which took place in two villages in Transylvania, in Cri\u021b and in<span class=\"antiorfan\">\u00a0<\/span>Viscri.<\/p>\n<h3 class=\"fara-orfani\">What is the Magazine?<span class=\"antiorfan\">\u00a0<\/span>2000+?<\/h3>\n<p class=\"fara-orfani\">It&#8217;s a fantastic story that DW journalist Robert Schwartz tells as follows: &#8220;In the summer of 2024, in my &#8220;treasure chest&#8221; in my parents&#8217; house in Sibiu, I found the archive saved in 1990 of the magazine &#8220;2000&#8221; of the German High School in Bucharest, where I was, in turn, a substitute teacher, a German teacher and, after &#8217;89, director (for a year). I kept the files with texts in a hazy plastic bag, received &#8220;from the helpers&#8221;. Now, in 2025, we have managed to gather some of the editorial staff from the 70s\/80s. We are setting off on a project to &#8220;revive&#8221; the magazine, a project financed by the Administration of the National Cultural Fund (<a href=\"https:\/\/www.afcn.ro\/\" target=\"_blank\" rel=\"noopener\">AFCN<\/a>). The first issue appeared in 1968, the last in 1980. Communist censorship said STOP. The editorial team kept getting better and lasted until 1987. Texts and poems were written, there was a lot of free discussion, everyone hoping that the magazine would appear someday. 1989 came. And the magazine appeared. In 1990. A single issue. Then the shutter was pulled. Now I have it<span class=\"antiorfan\">\u00a0<\/span>reopened.\u201d<\/p>\n<h3 class=\"fara-orfani\">And what happened after that?<span class=\"antiorfan\">\u00a0<\/span><\/h3>\n<p class=\"fara-orfani\">For a week, between July 28 and August 2, 2025, the Bra\u0219ov villages of Cri\u021b and Viscri were transformed into an open editorial office under the Transylvanian sky. Here, students from three German high schools \u2013 \u201cBrukenthal\u201d in Sibiu, \u201cHonterus\u201d in Bra\u0219ov and \u201cGoethe\u201d in Bucharest \u2013 encountered not only the history of a banned magazine, but also a possible future. They wrote, filmed, read poetry from the 1980s, but, above all, they thought freely. It was the Summer School 2000+ and, for some of the young participants, perhaps the beginning of a<span class=\"antiorfan\">\u00a0<\/span>road.<\/p>\n<p class=\"fara-orfani\">&#8220;When I came across a poem in the old magazine 2000, it exceeded all my expectations. I aspire to be able to write something like that,&#8221; Sarah Gergely confesses. &#8220;I wish I could put my feelings on a blank page and bring them to life with the help of words. More than that, to be able to reread them over 50 years<span class=\"antiorfan\">\u00a0<\/span>years.\u201d<\/p>\n<p class=\"fara-orfani\">For Sarah, the encounter with the school press&#8217;s past was like a trigger: &#8220;The eternal battle between generations made peace through those articles. We are the same in a very different way and<span class=\"antiorfan\">\u00a0<\/span>original&#8221;.<\/p>\n<p class=\"fara-orfani\">&#8220;I believe that the 2000 Magazine does not reflect a big difference between the years in which it was written and 2025. Their thoughts are surprisingly current. If we put a text from that magazine next to one written today, I think a student would have difficulty telling which one belongs to his generation,&#8221; says Tudor Nica, a 10th grade student at<span class=\"antiorfan\">\u00a0<\/span>&#8220;Brukenthal&#8221;.<\/p>\n<h3 class=\"fara-orfani\">Journalism, between dream and<span class=\"antiorfan\">\u00a0<\/span>vocation<\/h3>\n<p class=\"fara-orfani\">What did these teenagers discover in the old dream of a magazine banned by the communists in 1980? Maybe the fact that journalism is not just about news, but about community, courage and<span class=\"antiorfan\">\u00a0<\/span>collaboration.<\/p>\n<p class=\"fara-orfani\">&#8220;The school press gives us a space to express our ideas, to learn teamwork. It helps us understand the world better and be more involved in school life,&#8221; he says.<span class=\"antiorfan\">\u00a0<\/span>Tudor.<\/p>\n<p class=\"fara-orfani\">&#8220;When I found out about this camp, this summer school, I thought it was a perfect opportunity to also improve our school magazine (Der Brukenthaler) through the lens of the 2000+ Magazine,&#8221; he admits.<span class=\"antiorfan\">\u00a0<\/span>Sarah.<\/p>\n<p class=\"fara-orfani\">And for Hugo Spahiu, from &#8220;Honterus&#8221;, the magazine is more than a final product. &#8220;I think a school magazine would help me in the future, no matter what field I would go into. Apart from the fact that the result is very cool, just the process of making a school magazine helps us collaborate as a team. It helps us understand that if we only focus on what we have to do without helping others, the magazine cannot be printed at all,&#8221; he tells<span class=\"antiorfan\">\u00a0<\/span>EurActiv.ro.<\/p>\n<p class=\"fara-orfani\">The students presented at the annual conference of the Romanian-German Bilateral Cooperation Forum (FCBRG), which traditionally takes place during the &#8220;Haferland Week&#8221;, and the Revista 2000+ website was launched: <a href=\"http:\/\/www.revista2000.com\" target=\"_blank\" rel=\"noopener\">www.revista2000.com<\/a> and the page <a href=\"http:\/\/www.revista2000.ro\" target=\"_blank\" rel=\"noopener\">www.revista2000.ro<\/a> . \u2013 the new generation website was built right during the summer school, with the help of Alex Sofonea and<span class=\"antiorfan\">\u00a0<\/span>Tecky.<\/p>\n<p class=\"fara-orfani\">Their intervention, in front of an audience of ambassadors, MEPs and career journalists, was received with applause and enthusiasm. Perhaps because it was authentic, clear and very well articulated. It sounded like<span class=\"antiorfan\">\u00a0<\/span>the future.<\/p>\n<h3 class=\"fara-orfani\">Mentors, no<span class=\"antiorfan\">\u00a0<\/span>teachers<\/h3>\n<p class=\"fara-orfani\">The experience in Cri\u021b and Viscri was not about lessons, but about inspiration. Robert Schwartz, journalist and former teacher, was the soul of this adventure. Alongside him \u2013 Bianca \u0218tubea, director Anca Berlogea-Boariu and documentary filmmaker Laura C\u0103p\u0103\u021b\u00e2n\u0103-Juller. All, former members of the \u201c2000\u201d editorial team, with stories about the courage to write in difficult times. Now, the mentors of a generation that is just<span class=\"antiorfan\">\u00a0<\/span>start.<\/p>\n<p class=\"fara-orfani\">\u201cI believe that a young journalist has every chance to experience the beauty of the profession if they have extraordinary mentors,\u201d says Sarah. \u201cAs in all professions, it is the people who determine a young person\u2019s path to achieving goals.\u201d<span class=\"antiorfan\">\u00a0<\/span>own.\u201d<\/p>\n<p class=\"fara-orfani\">The summer school was organized in partnership with the M&amp;V Schmidt Foundation \u2013 Haferland Week and Mihai Eminescu Trust and benefited from the involvement of a team of journalists and teachers \u2013 former students of the German High School in Bucharest, today the College of<span class=\"antiorfan\">\u00a0<\/span>&#8220;Goethe&#8221;.<\/p>\n<p><img loading=\"lazy\" decoding=\"async\" class=\"alignnone size-full wp-image-38422\" src=\"https:\/\/www.pulse-z.eu\/wp-content\/uploads\/2025\/08\/Scoala-de-vara-rev-2000.jpeg\" sizes=\"auto, (max-width: 1080px) 100vw, 1080px\" srcset=\"https:\/\/www.pulse-z.eu\/wp-content\/uploads\/2025\/08\/Scoala-de-vara-rev-2000.jpeg 1080w, https:\/\/www.pulse-z.eu\/wp-content\/uploads\/2025\/08\/Scoala-de-vara-rev-2000-768x576.jpeg 768w\" alt=\"\" width=\"1080\" height=\"810\" \/><\/p>\n<h3 class=\"fara-orfani\">A continuity<span class=\"antiorfan\">\u00a0<\/span>beautiful<\/h3>\n<p class=\"fara-orfani\">For Tudor, the connection between the past and the present is clear: &#8220;The students back then were not very different from us. They had the same questions, curiosities and the desire to be heard. Through Robert and Bianca I see a beautiful continuity of the Revista project<span class=\"antiorfan\">\u00a0<\/span>2000+.\u201d<\/p>\n<p class=\"fara-orfani\">Even the question &#8220;What chances does a young journalist have in Romania?&#8221; received direct and optimistic answers: &#8220;A lot depends on passion, courage and adaptation. It&#8217;s not easy, but if you are creative, honest and know how to use new technologies, you can stand out and even change something for the better,&#8221; he believes.<span class=\"antiorfan\">\u00a0<\/span>Tudor.<\/p>\n<h3 class=\"fara-orfani\">The end? Barely<span class=\"antiorfan\">\u00a0<\/span>the beginning!<\/h3>\n<p class=\"fara-orfani\">2000+ Magazine is not just a magazine. It is a pretext to bring generations together. It is a network of ideas, emotions and projects. It is proof that some dreams do not disappear, they just sleep until someone has the courage to make them come true.<span class=\"antiorfan\">\u00a0<\/span>revive.<\/p>\n<p><iframe loading=\"lazy\" src=\"https:\/\/player.vimeo.com\/video\/1107870934?dnt=1&amp;app_id=122963\" width=\"500\" height=\"281\" frameborder=\"0\"><\/iframe><\/p>\n","protected":false},"excerpt":{"rendered":"<p>This is the opinion of Gergely Sarah-Maria, a student from the &#8220;Samuel von Brukenthal&#8221; National College in Sibiu, at the end of her participation in the &#8220;Revista 2000+&#8221; summer school, which took place in two [&hellip;]<\/p>\n","protected":false},"author":216,"featured_media":38369,"comment_status":"closed","ping_status":"closed","sticky":false,"template":"","format":"standard","meta":{"_acf_changed":false,"footnotes":""},"categories":[703],"tags":[19838,19839,19840,19841,19842],"post_formats":[645],"coauthors":[4033],"class_list":["post-76380","post","type-post","status-publish","format-standard","has-post-thumbnail","hentry","category-jugend","tag-anca-berlogea-boariu","tag-crit-si-viscri","tag-revista-2000","tag-robert-schwartz","tag-scoala-de-vara-pentru-elevi","post_formats-artikel"],"acf":[],"_links":{"self":[{"href":"https:\/\/www.pulse-z.eu\/de\/wp-json\/wp\/v2\/posts\/76380","targetHints":{"allow":["GET"]}}],"collection":[{"href":"https:\/\/www.pulse-z.eu\/de\/wp-json\/wp\/v2\/posts"}],"about":[{"href":"https:\/\/www.pulse-z.eu\/de\/wp-json\/wp\/v2\/types\/post"}],"author":[{"embeddable":true,"href":"https:\/\/www.pulse-z.eu\/de\/wp-json\/wp\/v2\/users\/216"}],"replies":[{"embeddable":true,"href":"https:\/\/www.pulse-z.eu\/de\/wp-json\/wp\/v2\/comments?post=76380"}],"version-history":[{"count":7,"href":"https:\/\/www.pulse-z.eu\/de\/wp-json\/wp\/v2\/posts\/76380\/revisions"}],"predecessor-version":[{"id":76387,"href":"https:\/\/www.pulse-z.eu\/de\/wp-json\/wp\/v2\/posts\/76380\/revisions\/76387"}],"wp:featuredmedia":[{"embeddable":true,"href":"https:\/\/www.pulse-z.eu\/de\/wp-json\/wp\/v2\/media\/38369"}],"wp:attachment":[{"href":"https:\/\/www.pulse-z.eu\/de\/wp-json\/wp\/v2\/media?parent=76380"}],"wp:term":[{"taxonomy":"category","embeddable":true,"href":"https:\/\/www.pulse-z.eu\/de\/wp-json\/wp\/v2\/categories?post=76380"},{"taxonomy":"post_tag","embeddable":true,"href":"https:\/\/www.pulse-z.eu\/de\/wp-json\/wp\/v2\/tags?post=76380"},{"taxonomy":"post_formats","embeddable":true,"href":"https:\/\/www.pulse-z.eu\/de\/wp-json\/wp\/v2\/post_formats?post=76380"},{"taxonomy":"author","embeddable":true,"href":"https:\/\/www.pulse-z.eu\/de\/wp-json\/wp\/v2\/coauthors?post=76380"}],"curies":[{"name":"wp","href":"https:\/\/api.w.org\/{rel}","templated":true}]}}