{"id":66379,"date":"2025-11-18T20:00:39","date_gmt":"2025-11-18T20:00:39","guid":{"rendered":"https:\/\/www.pulse-z.eu\/democracy-without-streets\/"},"modified":"2025-11-18T20:01:01","modified_gmt":"2025-11-18T20:01:01","slug":"was-fur-eine-demokratie-gibt-es-ohne-strasen","status":"publish","type":"post","link":"https:\/\/www.pulse-z.eu\/de\/was-fur-eine-demokratie-gibt-es-ohne-strasen\/","title":{"rendered":"Was f\u00fcr eine Demokratie gibt es ohne Stra\u00dfen?"},"content":{"rendered":"\n<p><span style=\"font-weight: 400\">Das Demonstrationsrecht ist ein Grundpfeiler der europ\u00e4ischen Demokratie. Die M\u00f6glichkeit, auf die Stra\u00dfe zu gehen und Forderungen zu stellen, ist das Wesen der Demokratie \u2013 und keineswegs ein blo\u00dfes Privileg. Im Gegenteil, es ist ein zeitloses Mittel, um Druck auf Institutionen auszu\u00fcben, die nicht zuh\u00f6ren. Dennoch scheint dieses Recht in ganz<\/span> <a href=\"https:\/\/www.liberties.eu\/en\/stories\/rule-of-law-2025-protests\/45384\" target=\"_blank\" rel=\"noopener\"><span style=\"font-weight: 400\">Europa<\/span><\/a> <span style=\"font-weight: 400\">zu schrumpfen. Die Unterdr\u00fcckung friedlicher Versammlungen entwickelt sich zu einem Trend der inneren Sicherheit, der durch strenge Verbote und sogar Gesetzes\u00e4nderungen, die Proteste selbst kriminalisieren, etabliert wird. Italien steht derzeit an der Spitze dieser Entwicklung.<\/span> <span style=\"font-weight: 400\">Nat\u00fcrlich geht dieses Problem Hand in Hand mit dem Trend der \u201e<\/span> <a href=\"https:\/\/www.euractiv.com\/news\/rapporteur-the-dangers-of-urgency-mindset\/\" target=\"_blank\" rel=\"noopener\"><span style=\"font-weight: 400\">Dringlichkeit<\/span><\/a> <span style=\"font-weight: 400\">\u201c, w\u00e4hrend B\u00fcrgerinnen und B\u00fcrger auf dem gesamten Kontinent auf die Stra\u00dfe gehen und Regierungen zunehmend von \u201edringender Notwendigkeit\u201c sprechen. Die Pr\u00e4sidentin der Kommission, Ursula von der Leyen, fordert ein \u201eGef\u00fchl der Dringlichkeit\u201c in der EU-Politik \u2013 eine Denkweise, die genau jene demokratischen Prozesse aushebeln k\u00f6nnte, die Pluralismus und kritische Stimmen sch\u00fctzen.<\/span><\/p>\n<p><span style=\"font-weight: 400\">Am 22. September 2025 gingen in Italien Tausende Menschen von Mailand bis Sizilien auf die Stra\u00dfe, um gegen den V\u00f6lkermord im Gazastreifen zu<\/span> <a href=\"https:\/\/www.theguardian.com\/world\/2025\/sep\/22\/disruption-across-italy-as-tens-of-thousands-protest-against-gaza-war\" target=\"_blank\" rel=\"noopener\"><span style=\"font-weight: 400\">protestieren<\/span><\/a> <span style=\"font-weight: 400\">. Die Situation legte das Land lahm: Bahnh\u00f6fe, Schulen und H\u00e4fen wie Genua und Livorno blieben geschlossen. Hafenarbeiter blockierten den G\u00fcterverkehr, da Italien als Umschlagplatz f\u00fcr Waffentransporte nach Israel missbraucht werde. In Rom skandierten \u00fcber 20.000 Menschen vor dem Bahnhof Termini \u201eFreies Pal\u00e4stina\u201c. Die Spannungen bei den Demonstrationen eskalierten: Gruppen in Schwarz versuchten, den Haupteingang des Mail\u00e4nder Bahnhofs aufzubrechen. Es wurden Rauchbomben und Steine \u200b\u200bgeworfen, woraufhin die Polizei Pfefferspray einsetzte. Zehn Personen wurden festgenommen und 60 Polizisten verletzt. Ministerpr\u00e4sidentin Giorgia Meloni verurteilte die Vorf\u00e4lle und bezeichnete sie als Werk \u201egewaltt\u00e4tiger Minderheiten ohne jegliches Solidarit\u00e4tsgef\u00fchl\u201c.<\/span><\/p>\n<p> Anfang Oktober dieses Jahres <a href=\"https:\/\/www.reuters.com\/world\/middle-east\/italy-bans-pro-palestinian-october-7-demonstration-bologna-tensions-rise-2025-10-06\/\" target=\"_blank\" rel=\"noopener\"><span style=\"font-weight: 400\">verboten<\/span><\/a> <span style=\"font-weight: 400\">die lokalen Beh\u00f6rden in Bologna nach den Zusammenst\u00f6\u00dfen<\/span> <span style=\"font-weight: 400\">eine pro-pal\u00e4stinensische Demonstration mit der Begr\u00fcndung, es bestehe ein \u201eernsthaftes Risiko von Unruhen\u201c. Die Organisation \u201eGiovani Palestinesi\u201c k\u00fcndigte an, trotz des Verbots eine Versammlung durchf\u00fchren zu wollen. Der israelische Botschafter in Italien erkl\u00e4rte, die Veranstaltung w\u00fcrde den 7. Oktober \u201everherrlichen\u201c, und er habe mit den Beh\u00f6rden zusammengearbeitet, um sie abzusagen. Im<\/span> <a href=\"https:\/\/www.amnesty.org\/en\/latest\/news\/2025\/05\/italy-draconian-new-law-criminalizing-peaceful-protest-while-expanding-police-powers-must-be-rejected\/\" target=\"_blank\" rel=\"noopener\"><span style=\"font-weight: 400\">Mai<\/span><\/a> <span style=\"font-weight: 400\">2025 brachte die italienische Regierung einen Gesetzentwurf ins Parlament ein, der selbst traditionelle Formen des zivilen Ungehorsams unter Strafe stellt. Das Gesetzesdekret 48\/2025 kriminalisiert die \u201eillegale Besetzung von Eigentum\u201c mit bis zu sieben Jahren Haft und die Behinderung des Verkehrs mit bis zu zwei Jahren Haft. Das Gesetz erweitert zudem die Befugnisse der Polizei und sieht finanzielle Unterst\u00fctzung f\u00fcr Polizeibeamte vor, die ihre Befugnisse \u00fcberschreiten. Als Reaktion darauf bezeichnete Amnesty International das Gesetz als \u201edrakonisch, da es ein feindseliges Klima schaffe und versuche, abweichende Meinungen zu unterdr\u00fccken\u201c, und dass Umweltaktivisten, Menschen in Armut und Angeh\u00f6rige ethnischer Minderheiten die Folgen des Gesetzes unverh\u00e4ltnism\u00e4\u00dfig stark zu sp\u00fcren bek\u00e4men.<\/span><\/p>\n<p><span style=\"font-weight: 400\">Die Regierung Meloni versucht, den Begriff \u201eSicherheit\u201c zu einem fundamentalen politischen Prinzip zu erheben.<\/span> <a href=\"https:\/\/www.reuters.com\/world\/italy-cracks-down-protests-squatters-cannabis-2025-06-04\/?\" target=\"_blank\" rel=\"noopener\"><span style=\"font-weight: 400\">Das Dekret<\/span><\/a> <span style=\"font-weight: 400\">48\/2025 bildet dabei den Kern. Friedliche Proteste, passiver Widerstand und Stra\u00dfen-\/Schienenblockaden werden nun als potenzielle Straftaten behandelt. Dies markiert eine Verschiebung des \u00f6ffentlichen Raums von einem Ort der Konsultation zu einem Raum der Kontrolle, in dem Proteste \u2013 per Gesetz \u2013 als Problem der \u201e\u00f6ffentlichen Ordnung\u201c gelten. Gleichzeitig unterstreicht die Gew\u00e4hrung finanziellen Schutzes und Rechtsschutzes f\u00fcr die Polizei (z. B. das Recht auf 10.000 \u20ac f\u00fcr Rechtsverteidigungskosten) die Intention hinter dem Gesetz: Die Regierung r\u00e4umt der Polizei \u00fcberm\u00e4\u00dfigen Schutz ein und macht sie zu privilegierten Empf\u00e4ngern von Rechtsschutz. Im Kontext des \u201eeurop\u00e4ischen Notstands\u201c nutzt die italienische Regierung eine gemeinsame Sprache als politische Strategie, insbesondere in Krisenzeiten (politischer, wirtschaftlicher und internationaler Art). Dies gibt Meloni die M\u00f6glichkeit, den Entscheidungsprozess zu beschleunigen und Konsultationen zu umgehen.<\/span><\/p>\n<p><span style=\"font-weight: 400\">Italien bildet jedoch keine Ausnahme, sondern ist vielmehr beispielhaft f\u00fcr diesen Trend. Der diesj\u00e4hrige Rechtsstaatsbericht<\/span> <a href=\"https:\/\/www.liberties.eu\/en\/stories\/rule-of-law-2025-protests\/45384\" target=\"_blank\" rel=\"noopener\"><span style=\"font-weight: 400\">verzeichnete<\/span><\/a> <span style=\"font-weight: 400\">eine Zunahme von Protestbeschr\u00e4nkungen in allen Staaten \u2013 von pr\u00e4ventiven Verboten \u00fcber unverh\u00e4ltnism\u00e4\u00dfige Gewalt bis hin zu strafenden Gesetzesreformen. In Deutschland wurde in Berlin ein vor\u00fcbergehendes generelles Verbot pro-pal\u00e4stinensischer Demonstrationen verh\u00e4ngt; in Estland verbot die Polizei eine Demonstration, die sp\u00e4ter als illegal eingestuft wurde; in Belgien wurden Geldstrafen und Verwaltungsstrafen allein f\u00fcr den Besitz einer pal\u00e4stinensischen Flagge verh\u00e4ngt, w\u00e4hrend in Ungarn, das mittlerweile als europ\u00e4isches Experiment autorit\u00e4rer Praktiken gilt, 15 Versuche, Proteste zu organisieren, nacheinander mit der Begr\u00fcndung der \u201e\u00f6ffentlichen Sicherheit\u201c verboten wurden. Obwohl Italien mit diesen Praktiken nicht allein steht, ist es gl\u00fccklicherweise auch nicht das einzige Land, das auf die Beschr\u00e4nkungen reagiert. Der soziale Konflikt in Europa f\u00fchrt zu einem Paradoxon: W\u00e4hrend Regierungen das Demonstrationsrecht zunehmend einschr\u00e4nken, h\u00e4lt die soziale Mobilisierung nicht nur an, sondern weitet sich sogar aus. Europa durchlebt eine Phase des<\/span> <a href=\"https:\/\/www.youtube.com\/watch?v=nw2EJ2V02Zo&amp;t=756s\" target=\"_blank\" rel=\"noopener\"><span style=\"font-weight: 400\">\u201edemokratischen R\u00fcckschritts, aber auch des starken Widerstands\u201c<\/span><\/a> <span style=\"font-weight: 400\">. Die Solidarit\u00e4t mit Gaza hat eine breite Welle des Aktivismus ausgel\u00f6st, die oft auf massive Repression st\u00f6\u00dft.<\/span><\/p>\n<p> <span style=\"font-weight: 400\">Die Proteste haben beispielsweise den V\u00f6lkermord nicht verhindert, und es ist nicht ihre Aufgabe \u2013 sondern die der Regierungen \u2013, Kontrolle auszu\u00fcben und internationales Recht durchzusetzen, anstatt die Forderungen und deren \u00c4u\u00dferung einzuschr\u00e4nken. Diese Aktionen haben etwas Tiefergehendes ver\u00e4ndert: die Art und Weise, wie sich die Bev\u00f6lkerung durch einen moralischen Schock politisch engagiert und die Verantwortung f\u00fcr die Demokratie zur\u00fcckgewinnt. Die Stimmen auf der Stra\u00dfe werden weiterhin geh\u00f6rt und machen Demokratie und ihre Mechanismen relevant und aktiv, trotz der Reaktionen auf ihren Verfall, der eher von jenen verursacht wird, die ihn korrumpieren wollen, als von jenen, die ihn anstreben.<\/span><\/p>\n","protected":false},"excerpt":{"rendered":"<p>Das Demonstrationsrecht ist ein Grundpfeiler der europ\u00e4ischen Demokratie. Die M\u00f6glichkeit, auf die Stra\u00dfe zu gehen und Forderungen zu stellen, ist das Wesen der Demokratie \u2013 und keineswegs ein blo\u00dfes Privileg. Im Gegenteil, es ist ein [&hellip;]<\/p>\n","protected":false},"author":355,"featured_media":61693,"comment_status":"closed","ping_status":"closed","sticky":false,"template":"","format":"standard","meta":{"_acf_changed":false,"footnotes":""},"categories":[8,21,1],"tags":[12858,17122,17123,17124,3697,6973,13955,4920,1965,1790,17125,17126,2584,3369,17127,17128,3706,17129,1062,17130,3707,17131,11798,17132,17133],"post_formats":[645],"coauthors":[4037],"class_list":["post-66379","post","type-post","status-publish","format-standard","has-post-thumbnail","hentry","category-connecting-the-dots","category-current-affairs","category-general","tag-activism-de","tag-authoritarian-drift","tag-civil-disobedience","tag-civil-rights","tag-democracy-de","tag-democratic-backsliding-de","tag-dissent-de","tag-eu-politics-de","tag-europe-de","tag-european-commission-de","tag-freedom-of-assembly","tag-gaza-protests","tag-human-rights-de","tag-italy-de","tag-meloni","tag-police-powers","tag-protest-de","tag-public-order","tag-public-space-de","tag-repression","tag-rule-of-law-de","tag-security-policy","tag-social-movements-de","tag-solidarity","tag-street-politics","post_formats-artikel"],"acf":[],"_links":{"self":[{"href":"https:\/\/www.pulse-z.eu\/de\/wp-json\/wp\/v2\/posts\/66379","targetHints":{"allow":["GET"]}}],"collection":[{"href":"https:\/\/www.pulse-z.eu\/de\/wp-json\/wp\/v2\/posts"}],"about":[{"href":"https:\/\/www.pulse-z.eu\/de\/wp-json\/wp\/v2\/types\/post"}],"author":[{"embeddable":true,"href":"https:\/\/www.pulse-z.eu\/de\/wp-json\/wp\/v2\/users\/355"}],"replies":[{"embeddable":true,"href":"https:\/\/www.pulse-z.eu\/de\/wp-json\/wp\/v2\/comments?post=66379"}],"version-history":[{"count":15,"href":"https:\/\/www.pulse-z.eu\/de\/wp-json\/wp\/v2\/posts\/66379\/revisions"}],"predecessor-version":[{"id":66511,"href":"https:\/\/www.pulse-z.eu\/de\/wp-json\/wp\/v2\/posts\/66379\/revisions\/66511"}],"wp:featuredmedia":[{"embeddable":true,"href":"https:\/\/www.pulse-z.eu\/de\/wp-json\/wp\/v2\/media\/61693"}],"wp:attachment":[{"href":"https:\/\/www.pulse-z.eu\/de\/wp-json\/wp\/v2\/media?parent=66379"}],"wp:term":[{"taxonomy":"category","embeddable":true,"href":"https:\/\/www.pulse-z.eu\/de\/wp-json\/wp\/v2\/categories?post=66379"},{"taxonomy":"post_tag","embeddable":true,"href":"https:\/\/www.pulse-z.eu\/de\/wp-json\/wp\/v2\/tags?post=66379"},{"taxonomy":"post_formats","embeddable":true,"href":"https:\/\/www.pulse-z.eu\/de\/wp-json\/wp\/v2\/post_formats?post=66379"},{"taxonomy":"author","embeddable":true,"href":"https:\/\/www.pulse-z.eu\/de\/wp-json\/wp\/v2\/coauthors?post=66379"}],"curies":[{"name":"wp","href":"https:\/\/api.w.org\/{rel}","templated":true}]}}