{"id":65288,"date":"2025-11-13T12:39:03","date_gmt":"2025-11-13T12:39:03","guid":{"rendered":"https:\/\/www.pulse-z.eu\/pacification-or-liberation-palestine-with-cleo-alexopoulou\/"},"modified":"2025-11-13T12:47:42","modified_gmt":"2025-11-13T12:47:42","slug":"befriedung-oder-befreiung-palastina-mit-cleo-alexopoulou","status":"publish","type":"post","link":"https:\/\/www.pulse-z.eu\/de\/befriedung-oder-befreiung-palastina-mit-cleo-alexopoulou\/","title":{"rendered":"Befriedung oder Befreiung? Pal\u00e4stina mit Cleo Alexopoulou"},"content":{"rendered":"\n<p><iframe loading=\"lazy\" style=\"border-radius: 12px;\" src=\"https:\/\/open.spotify.com\/embed\/episode\/0l3utATPGG4H7CxrWGtBzg?utm_source=generator\" width=\"100%\" height=\"152\" frameborder=\"0\" allowfullscreen=\"allowfullscreen\" data-testid=\"embed-iframe\"><\/iframe><\/p>\n<p> Befriedung oder Befreiung? <\/p>\n<p><span style=\"font-weight: 400;\">Was bedeutet Befreiung, wenn Humanit\u00e4t mit Herrschaftssystemen kollidiert?<\/span><\/p>\n<p> <span style=\"font-weight: 400;\">In dieser Folge begr\u00fc\u00dfen wir<\/span> <a href=\"https:\/\/en.wikipedia.org\/wiki\/Kleoniki_Alexopoulou\" target=\"_blank\" rel=\"noopener\">Cleo Alexopoulou<\/a> <span style=\"font-weight: 400;\">\u2013 Historikerin, Forscherin und Mitglied der Globalen Sumud-Flottille \u2013 um zu ergr\u00fcnden, wie Solidarit\u00e4t, Widerstand und V\u00f6lkerrecht im Kampf um die pal\u00e4stinensische Selbstbestimmung zusammenwirken.<\/span><\/p>\n<p> <span style=\"font-weight: 400;\">Wir bewegen uns von der Dekolonisierungstheorie zur gelebten Erfahrung: von der Politik der Anerkennung und den Grenzen \u201eakzeptabler Gespr\u00e4chspartner\u201c bis hin zu Cleos eigener Inhaftierung nach der Gaza-Flottillenmission. Sie reflektiert dar\u00fcber, was es bedeutet, Bomben von einem Boot 65 Kilometer vor der K\u00fcste zu h\u00f6ren, wie humanit\u00e4re Initiativen zu Menschenrechtsbewegungen werden und warum selbst im Gef\u00e4ngnis Lieder, Zeichnungen und in Mauern verborgene Botschaften zu einem stillen Archiv der Hoffnung werden.<\/span><\/p>\n<p> <span style=\"font-weight: 400;\">Das Gespr\u00e4ch stellt die Friedensdebatte, die globalen Strukturen, die Straflosigkeit normalisieren, und die emotionale Belastung derer in Frage, die nicht wegschauen. Vor allem erinnert es uns daran, dass Gerechtigkeit keine abstrakte Zukunftsvision ist \u2013 sie ist die t\u00e4gliche Arbeit von Gemeinschaften, die auf ihrer W\u00fcrde beharren.<\/span><\/p>\n<p> <span style=\"font-weight: 400;\">\ud83c\udf99\ufe0f Produziert von Georgios Karagiorgos f\u00fcr European Youth Press und Pulse-Z<\/span><\/p>\n<\/p>\n<p> Was ist Vox Civica? <\/p>\n<p><a href=\"https:\/\/open.spotify.com\/show\/7Cjs8AE7zUhx6Pa7Gz6VIS?si=ffa0490f0a6b4e47\" target=\"_blank\" rel=\"noopener\"><span style=\"font-weight: 400;\">Vox Civica \u2013 Wo Demokratie eine Stimme hat ist,<\/span><\/a> <span style=\"font-weight: 400;\">ist ein Podcast dar\u00fcber, wie Demokratie in der modernen Welt gelebt, erprobt und neu erfunden wird. Er nimmt die Zuh\u00f6rer mit in die Gespr\u00e4che und Konflikte, die das gesellschaftliche Leben heute pr\u00e4gen \u2013 von den Stra\u00dfen, wo Proteste ihren Anfang nehmen, bis hin zu den Institutionen, in denen Politik gestaltet wird. Jede Folge pr\u00e4sentiert Stimmen aus Journalismus, Aktivismus, Wissenschaft und digitalen B\u00fcrgerrechtsbewegungen und untersucht, wie Menschen Macht entgegentreten, Freiheiten verteidigen und demokratische Werte an ein Zeitalter von \u00dcberwachung, Desinformation und rasantem technologischen Wandel anpassen. Kurz gesagt: Es ist ein Raum, in dem kritisches Denken auf b\u00fcrgerschaftliches Engagement trifft \u2013 und der die K\u00e4mpfe, Ideen und Kooperationen nachzeichnet, die die Demokratie im 21. Jahrhundert am Leben erhalten.<\/span><\/p>\n<p><b>\u00dcber den Gast:<\/b><\/p>\n<p> <span style=\"font-weight: 400;\">Kleoniki Alexopoulou ist Wirtschafts- und Sozialhistorikerin mit Schwerpunkt auf dem Globalen S\u00fcden. Derzeit ist sie Gastprofessorin an der Nationalen und Kapodistrias-Universit\u00e4t Athen und war im vergangenen Jahr Postdoktorandin am Princeton Institute for International and Regional Studies. Ihre Forschungsschwerpunkte sind die Entstehung kolonialer Staaten, Fiskalsysteme, Arbeit und Wohlfahrtsentwicklung in peripheren Kontexten. Ihre Arbeiten wurden auf internationalen Konferenzen pr\u00e4sentiert und in Fachzeitschriften und Sammelb\u00e4nden ver\u00f6ffentlicht. Sie basiert auf umfangreicher Feldforschung in verschiedenen Regionen Afrikas. Parallel dazu ist sie Mitglied des Lenkungsausschusses der Globalen Sumud-Flottille.<\/span><\/p>\n","protected":false},"excerpt":{"rendered":"<p>Befriedung oder Befreiung? Was bedeutet Befreiung, wenn Humanit\u00e4t mit Herrschaftssystemen kollidiert? In dieser Folge begr\u00fc\u00dfen wir Cleo Alexopoulou \u2013 Historikerin, Forscherin und Mitglied der Globalen Sumud-Flottille \u2013 um zu ergr\u00fcnden, wie Solidarit\u00e4t, Widerstand und V\u00f6lkerrecht [&hellip;]<\/p>\n","protected":false},"author":355,"featured_media":60854,"comment_status":"closed","ping_status":"closed","sticky":false,"template":"","format":"standard","meta":{"_acf_changed":false,"footnotes":""},"categories":[698,567,637],"tags":[16576,12858,14425,16577,16578,16579,16580,16581,16582,16583,16584,2584,16585,2182,16586,16587,16588,16589,8447,16590,16591,16592,11798,16593],"post_formats":[745],"coauthors":[4037],"class_list":["post-65288","post","type-post","status-publish","format-standard","has-post-thumbnail","hentry","category-aktuelle-angelegenheiten","category-allgemein","category-die-punkte-verbinden","tag-academic-research-de","tag-activism-de","tag-civil-society-de","tag-cleo-alexopoulou-de","tag-colonial-legacies-de","tag-decolonial-theory-de","tag-detention-de","tag-gaza-flotilla-de","tag-global-justice-de","tag-global-south-de","tag-global-sumud-flotilla-de","tag-human-rights-de","tag-humanitarian-missions-de","tag-international-law-de","tag-liberation-movements-de","tag-mediterranean-politics-de","tag-middle-east-politics-de","tag-occupation-de","tag-palestine-de","tag-political-recognition-de","tag-resistance-de","tag-self-determination-de","tag-social-movements-de","tag-solidarity-movements-de","post_formats-podcast-de"],"acf":[],"_links":{"self":[{"href":"https:\/\/www.pulse-z.eu\/de\/wp-json\/wp\/v2\/posts\/65288","targetHints":{"allow":["GET"]}}],"collection":[{"href":"https:\/\/www.pulse-z.eu\/de\/wp-json\/wp\/v2\/posts"}],"about":[{"href":"https:\/\/www.pulse-z.eu\/de\/wp-json\/wp\/v2\/types\/post"}],"author":[{"embeddable":true,"href":"https:\/\/www.pulse-z.eu\/de\/wp-json\/wp\/v2\/users\/355"}],"replies":[{"embeddable":true,"href":"https:\/\/www.pulse-z.eu\/de\/wp-json\/wp\/v2\/comments?post=65288"}],"version-history":[{"count":8,"href":"https:\/\/www.pulse-z.eu\/de\/wp-json\/wp\/v2\/posts\/65288\/revisions"}],"predecessor-version":[{"id":65356,"href":"https:\/\/www.pulse-z.eu\/de\/wp-json\/wp\/v2\/posts\/65288\/revisions\/65356"}],"wp:featuredmedia":[{"embeddable":true,"href":"https:\/\/www.pulse-z.eu\/de\/wp-json\/wp\/v2\/media\/60854"}],"wp:attachment":[{"href":"https:\/\/www.pulse-z.eu\/de\/wp-json\/wp\/v2\/media?parent=65288"}],"wp:term":[{"taxonomy":"category","embeddable":true,"href":"https:\/\/www.pulse-z.eu\/de\/wp-json\/wp\/v2\/categories?post=65288"},{"taxonomy":"post_tag","embeddable":true,"href":"https:\/\/www.pulse-z.eu\/de\/wp-json\/wp\/v2\/tags?post=65288"},{"taxonomy":"post_formats","embeddable":true,"href":"https:\/\/www.pulse-z.eu\/de\/wp-json\/wp\/v2\/post_formats?post=65288"},{"taxonomy":"author","embeddable":true,"href":"https:\/\/www.pulse-z.eu\/de\/wp-json\/wp\/v2\/coauthors?post=65288"}],"curies":[{"name":"wp","href":"https:\/\/api.w.org\/{rel}","templated":true}]}}