{"id":63891,"date":"2025-11-08T17:00:26","date_gmt":"2025-11-08T17:00:26","guid":{"rendered":"https:\/\/www.pulse-z.eu\/the-rhetoric-of-mandelas-inspiration\/"},"modified":"2025-11-09T19:16:31","modified_gmt":"2025-11-09T19:16:31","slug":"die-rhetorik-von-mandelas-inspiration","status":"publish","type":"post","link":"https:\/\/www.pulse-z.eu\/de\/die-rhetorik-von-mandelas-inspiration\/","title":{"rendered":"Die Rhetorik von Mandelas Inspiration"},"content":{"rendered":"\n<p>Rassendiskriminierung wurde zur Normalit\u00e4t, f\u00fchrte aber zu gravierenden sozialen und politischen Problemen wie Gewalt, Armut und vor allem Ungerechtigkeit. Da dieses System grundlegende Menschenrechte verletzte, nicht nur rechtlich, sondern auch aus rein moralischer und humanit\u00e4rer Sicht, begann die lokale Bev\u00f6lkerung eine Bewegung hin zur Demokratie.<\/p>\n<p> Eine der Schl\u00fcsselfiguren in diesem Prozess war Nelson Mandela. Er wurde 1918 in S\u00fcdafrika geboren. Er studierte Jura und trat dem <a href=\"https:\/\/www.britannica.com\/topic\/African-National-Congress\" target=\"_blank\" rel=\"noopener\">Afrikanischen Nationalkongress<\/a> (ANC) bei, der f\u00fchrenden Organisation im Kampf gegen die Apartheid.<br \/> 1962 wurde Mandela nach jahrelangem Kampf verhaftet und wegen seines Einsatzes f\u00fcr Freiheit und Gleichheit zu lebenslanger Haft verurteilt. 1990, nach vielen Jahren im Gef\u00e4ngnis, wurde er freigelassen und 1994 als erster schwarzer Pr\u00e4sident S\u00fcdafrikas vereidigt. Er versprach der Nation Frieden, Einheit und die \u00dcberwindung der Spaltung.<\/p>\n<p> Nelson Mandela begann seine Ausbildung im kleinen Dorf Mvezo in S\u00fcdafrika, wo er beim \u00f6rtlichen H\u00e4uptling lernte. Sp\u00e4ter setzte er seine Ausbildung an der Prince\u2019s Far East Academy fort, wo er Englisch, Geschichte und Geographie studierte. Anschlie\u00dfend begann Mandela ein Jurastudium an der Fort Hare University, brach dieses jedoch nach einem Protest gegen die Universit\u00e4tspolitik ab und setzte es im Fernstudium fort. Schlie\u00dflich schloss er sein Jurastudium 1942 an der University of the Witwatersrand ab.<\/p>\n<\/p>\n<p>Seine Bildung spiegelte sich in seinen rhetorischen F\u00e4higkeiten wider, die f\u00fcr Mandela ein wichtiges diplomatisches Instrument darstellten. Seine Reden zeugten nicht nur von seiner Entschlossenheit, sondern auch von seinem Engagement f\u00fcr Gerechtigkeit und Freiheit f\u00fcr alle. Zu seinen bekanntesten Reden z\u00e4hlt seine dreist\u00fcndige Ansprache vor Gericht. Trotz der Wirkung, die er damit erzielte, wurde er nicht aus der Haft entlassen.<br \/> Dies geschah erst 27 Jahre sp\u00e4ter, aufgrund \u00f6ffentlichen Drucks. Daraufhin begann er, sich an Friedensverhandlungen im Kongo, in Burundi und in einer Reihe weiterer afrikanischer Konfliktl\u00e4nder zu beteiligen. So erhielt Mandela 1993 den Friedensnobelpreis sowie 250 weitere Auszeichnungen, darunter den <a href=\"https:\/\/en.wikipedia.org\/wiki\/Orders,_decorations,_and_medals_of_Bulgaria#Orders\" target=\"_blank\" rel=\"noopener\">Balkanorden<\/a> , den <a href=\"https:\/\/www.europarl.europa.eu\/sakharovprize\/en\/home\" target=\"_blank\" rel=\"noopener\">Sacharow-Preis<\/a> , den UNESCO- <a href=\"https:\/\/www.unesco.org\/en\/prizes\/felix-houphouet-boigny\" target=\"_blank\" rel=\"noopener\">Friedenspreis F\u00e9lix Houphou\u00ebt-Boigny<\/a> und andere.<\/p>\n<p> Er ist Autor von B\u00fcchern wie beispielsweise \u201e <a href=\"https:\/\/www.goodreads.com\/book\/show\/370775.No_Easy_Walk_to_Freedom\" target=\"_blank\" rel=\"noopener\">Es gibt keinen leichten Weg zur Freiheit<\/a> \u201c. Seine gr\u00f6\u00dfte Leistung ist, dass er als erster schwarzer Pr\u00e4sident in einer vollst\u00e4ndig repr\u00e4sentativen Wahl gew\u00e4hlt wurde.<br \/> Eines der bekanntesten Zitate Mandelas lautet: \u201eBildung ist die m\u00e4chtigste Waffe, die man einsetzen kann, um die Welt zu ver\u00e4ndern.\u201c Dieser Grundsatz ist ein fundamentaler Bestandteil seiner Philosophie der gesellschaftlichen Transformation durch Bildung.<br \/> In einer weiteren Rede aus dem Jahr 1994 dr\u00fcckt er vor allem Dankbarkeit f\u00fcr das Erreichte aus:<\/p>\n<p> \u201eEs ist an der Zeit, die Wunden zu heilen. Es ist an der Zeit, die Gr\u00e4ben zu \u00fcberwinden, die uns trennen.\u201c<br \/> Die Zeit des Aufbaus liegt noch vor uns. Wir haben endlich unsere politische Emanzipation erreicht. Wir setzen uns daf\u00fcr ein, unser gesamtes Volk von der anhaltenden Knechtschaft der Armut, des Mangels, des Leidens, der geschlechtsspezifischen und anderer Diskriminierungen zu befreien.<\/p>\n<p> Das rhetorische Mittel, das er hier verwendet, ist das Prinzip der Wiederholung, wodurch sein Anliegen unterstrichen wird. In diesem Fall ist es die Hoffnung auf die Zukunft, denn seine Pl\u00e4ne sind weitaus ambitionierter, als es zun\u00e4chst scheint. Nelson Mandela beschreibt die Gr\u00fcnde f\u00fcr sein Handeln mit Menschlichkeit und Patriotismus: \u201eNiemals, niemals und niemals wieder soll dieses wundersch\u00f6ne Land die Unterdr\u00fcckung des Einzelnen durch den anderen erleiden und die Dem\u00fctigung ertragen m\u00fcssen, der Abschaum der Welt zu sein.\u201c<br \/> In einer Rede vor den Vereinten Nationen im Jahr 1990 \u00e4u\u00dferte er auch seine Ziele f\u00fcr die Zukunft: \u201eDer Weg, den wir zur\u00fccklegen m\u00fcssen, ist nicht lang. Lasst ihn uns gemeinsam gehen. Lasst uns durch unser gemeinsames Handeln die Ziele verteidigen, f\u00fcr die diese Organisation gegr\u00fcndet wurde, und eine Situation schaffen, in der ihre <a href=\"https:\/\/www.un.org\/en\/about-us\/un-charter\" target=\"_blank\" rel=\"noopener\">Charta<\/a> und die <a href=\"https:\/\/www.un.org\/en\/about-us\/universal-declaration-of-human-rights\" target=\"_blank\" rel=\"noopener\">Allgemeine Erkl\u00e4rung der Menschenrechte<\/a> Teil des Rechtssystems werden, auf dem die politische und soziale Ordnung des neuen S\u00fcdafrikas beruhen wird. Unser gemeinsamer Sieg ist gewiss.\u201c Hier bezieht er sich auf die gemeinsamen Anstrengungen einer geeinten Nation, die sein Traum und der Grund f\u00fcr seinen Kampf ist;<\/p>\n<p> Nelson Mandela war ein au\u00dfergew\u00f6hnlicher Redner mit der einzigartigen Gabe, komplexe Ideen zu Gerechtigkeit, Gleichheit und Vers\u00f6hnung so zu vermitteln, dass sie f\u00fcr jeden verst\u00e4ndlich und bedeutungsvoll waren. Mandela sprach mit ruhiger, aber kraftvoller Pr\u00e4senz und nutzte Pausen und seinen Tonfall, um seinen Worten mehr Nachdruck und Einpr\u00e4gsamkeit zu verleihen. Was ihn so inspirierend machte, war die Tatsache, dass seine Reden aus eigener Erfahrung sch\u00f6pften \u2013 sein jahrelanger Kampf gegen die Apartheid, seine lange Haft und sein unersch\u00fctterliches Engagement f\u00fcr Vergebung verliehen seinen Worten Authentizit\u00e4t und Gewicht. Mandelas Reden informierten und \u00fcberzeugten die Menschen nicht nur, sondern motivierten sie auch, auf eine gerechtere, geeinte Welt zu hoffen, zu handeln und daran zu glauben.<\/p>\n","protected":false},"excerpt":{"rendered":"<p>Rassendiskriminierung wurde zur Normalit\u00e4t, f\u00fchrte aber zu gravierenden sozialen und politischen Problemen wie Gewalt, Armut und vor allem Ungerechtigkeit. Da dieses System grundlegende Menschenrechte verletzte, nicht nur rechtlich, sondern auch aus rein moralischer und humanit\u00e4rer [&hellip;]<\/p>\n","protected":false},"author":500,"featured_media":63859,"comment_status":"closed","ping_status":"closed","sticky":false,"template":"","format":"standard","meta":{"_acf_changed":false,"footnotes":""},"categories":[1,703],"tags":[],"post_formats":[645],"coauthors":[6504],"class_list":["post-63891","post","type-post","status-publish","format-standard","has-post-thumbnail","hentry","category-general","category-jugend","post_formats-artikel"],"acf":[],"_links":{"self":[{"href":"https:\/\/www.pulse-z.eu\/de\/wp-json\/wp\/v2\/posts\/63891","targetHints":{"allow":["GET"]}}],"collection":[{"href":"https:\/\/www.pulse-z.eu\/de\/wp-json\/wp\/v2\/posts"}],"about":[{"href":"https:\/\/www.pulse-z.eu\/de\/wp-json\/wp\/v2\/types\/post"}],"author":[{"embeddable":true,"href":"https:\/\/www.pulse-z.eu\/de\/wp-json\/wp\/v2\/users\/500"}],"replies":[{"embeddable":true,"href":"https:\/\/www.pulse-z.eu\/de\/wp-json\/wp\/v2\/comments?post=63891"}],"version-history":[{"count":9,"href":"https:\/\/www.pulse-z.eu\/de\/wp-json\/wp\/v2\/posts\/63891\/revisions"}],"predecessor-version":[{"id":64237,"href":"https:\/\/www.pulse-z.eu\/de\/wp-json\/wp\/v2\/posts\/63891\/revisions\/64237"}],"wp:featuredmedia":[{"embeddable":true,"href":"https:\/\/www.pulse-z.eu\/de\/wp-json\/wp\/v2\/media\/63859"}],"wp:attachment":[{"href":"https:\/\/www.pulse-z.eu\/de\/wp-json\/wp\/v2\/media?parent=63891"}],"wp:term":[{"taxonomy":"category","embeddable":true,"href":"https:\/\/www.pulse-z.eu\/de\/wp-json\/wp\/v2\/categories?post=63891"},{"taxonomy":"post_tag","embeddable":true,"href":"https:\/\/www.pulse-z.eu\/de\/wp-json\/wp\/v2\/tags?post=63891"},{"taxonomy":"post_formats","embeddable":true,"href":"https:\/\/www.pulse-z.eu\/de\/wp-json\/wp\/v2\/post_formats?post=63891"},{"taxonomy":"author","embeddable":true,"href":"https:\/\/www.pulse-z.eu\/de\/wp-json\/wp\/v2\/coauthors?post=63891"}],"curies":[{"name":"wp","href":"https:\/\/api.w.org\/{rel}","templated":true}]}}