{"id":61986,"date":"2025-10-30T12:21:16","date_gmt":"2025-10-30T12:21:16","guid":{"rendered":"https:\/\/www.pulse-z.eu\/reclaiming-our-digital-rights-with-homo-digitalis\/"},"modified":"2025-10-30T12:23:05","modified_gmt":"2025-10-30T12:23:05","slug":"die-ruckgewinnung-unserer-digitalen-rechte-mit-homo-digitalis","status":"publish","type":"post","link":"https:\/\/www.pulse-z.eu\/de\/die-ruckgewinnung-unserer-digitalen-rechte-mit-homo-digitalis\/","title":{"rendered":"Die R\u00fcckgewinnung unserer digitalen Rechte mit Homo Digitalis"},"content":{"rendered":"\n<p><iframe loading=\"lazy\" style=\"border-radius: 12px;\" src=\"https:\/\/open.spotify.com\/embed\/episode\/2V0F8jHu8CiNMN0jap9Njd?utm_source=generator\" width=\"100%\" height=\"152\" frameborder=\"0\" allowfullscreen=\"allowfullscreen\" data-testid=\"embed-iframe\"><\/iframe><\/p>\n<p> R\u00fcckgewinnung unserer digitalen Rechte <\/p>\n<p><span style=\"font-weight: 400;\">Was bedeutet die R\u00fcckgewinnung unserer digitalen Rechte im Zeitalter der \u00dcberwachung und der algorithmischen Macht?<\/span><\/p>\n<p> <span style=\"font-weight: 400;\">In dieser Folge begr\u00fc\u00dfen wir<\/span> <a href=\"https:\/\/www.linkedin.com\/in\/eleftherios-chelioudakis\/\" target=\"_blank\" rel=\"noopener\"><span style=\"font-weight: 400;\">Eleftherios (Lefteris) Chelioudakis<\/span><\/a> <span style=\"font-weight: 400;\">, Mitbegr\u00fcnder und Gesch\u00e4ftsf\u00fchrer von<\/span> <a href=\"https:\/\/homodigitalis.gr\/en\/\" target=\"_blank\" rel=\"noopener\"><span style=\"font-weight: 400;\">Homo Digitalis<\/span><\/a> <span style=\"font-weight: 400;\">\u2013 Griechenlands f\u00fchrender Organisation f\u00fcr digitale Rechte \u2013, um zu ergr\u00fcnden, wie B\u00fcrger die Kontrolle \u00fcber ihr digitales Leben zur\u00fcckgewinnen k\u00f6nnen.<\/span><\/p>\n<p> <span style=\"font-weight: 400;\">Wir beleuchten Europas neue Regulierungslandschaft \u2013 vom Digital Services Act bis zum AI Act \u2013 und er\u00f6rtern, wie diese Rahmenbedingungen das Machtverh\u00e4ltnis zwischen Plattformen und \u00d6ffentlichkeit neu ausrichten sollen. Das Gespr\u00e4ch befasst sich au\u00dferdem mit dem Predator-Spionage-Skandal und seinen weitreichenden Folgen f\u00fcr Vertrauen, Verantwortlichkeit und Demokratie in Griechenland. Von algorithmischer Transparenz bis zum Demonstrationsrecht reflektiert Lefteris dar\u00fcber, was es bedeutet, Menschenrechte im digitalen Zeitalter zu verteidigen und wie b\u00fcrgerschaftliches Engagement einen gerechteren und freieren Online-Raum gestalten kann.<\/span><\/p>\n<p> <span style=\"font-weight: 400;\">\ud83c\udf99\ufe0f Produziert von Georgios Karagiorgos f\u00fcr European Youth Press und Pulse-Z<\/span><\/p>\n<\/p>\n<p> Was ist Vox Civica? <\/p>\n<p><a href=\"https:\/\/open.spotify.com\/show\/7Cjs8AE7zUhx6Pa7Gz6VIS?si=ffa0490f0a6b4e47\" target=\"_blank\" rel=\"noopener\"><span style=\"font-weight: 400;\">Vox Civica \u2013 Wo Demokratie eine Stimme hat ist,<\/span><\/a> <span style=\"font-weight: 400;\">ist ein Podcast dar\u00fcber, wie Demokratie in der modernen Welt gelebt, erprobt und neu erfunden wird. Er nimmt die Zuh\u00f6rer mit in die Gespr\u00e4che und Konflikte, die das gesellschaftliche Leben heute pr\u00e4gen \u2013 von den Stra\u00dfen, wo Proteste ihren Anfang nehmen, bis hin zu den Institutionen, in denen Politik gestaltet wird. Jede Folge pr\u00e4sentiert Stimmen aus Journalismus, Aktivismus, Wissenschaft und digitalen B\u00fcrgerrechtsbewegungen und untersucht, wie Menschen Macht entgegentreten, Freiheiten verteidigen und demokratische Werte an ein Zeitalter von \u00dcberwachung, Desinformation und rasantem technologischen Wandel anpassen. Kurz gesagt: Es ist ein Raum, in dem kritisches Denken auf b\u00fcrgerschaftliches Engagement trifft \u2013 und der die K\u00e4mpfe, Ideen und Kooperationen nachzeichnet, die die Demokratie im 21. Jahrhundert am Leben erhalten.<\/span><\/p>\n<\/p>\n<p><b>\u00dcber den Gast:<\/b><\/p>\n<p> <span style=\"font-weight: 400;\">Eleftherios Chelioudakis ist Rechtsanwalt und zur Vertretung vor dem Berufungsgericht zugelassen. Er ist Gesch\u00e4ftsf\u00fchrer von Homo Digitalis, einer 2018 gegr\u00fcndeten Nichtregierungsorganisation, die sich f\u00fcr die F\u00f6rderung und den Schutz der Menschenrechte im digitalen Zeitalter durch Aufkl\u00e4rung, politische Interessenvertretung und strategische Prozessf\u00fchrung einsetzt. Er besitzt einen LL.M. in Recht und Technologie der Universit\u00e4t Tilburg (mit Auszeichnung, Jahrgangsbester) und einen Master of Science in Digital Humanities der KU Leuven (mit Auszeichnung).<\/span><\/p>\n<p class=\"p1\">\n<div style=\"position: relative; padding-bottom: 56.25%; height: 0; overflow: hidden; width: 100%;\"><iframe style=\"position: absolute; top: 0; left: 0; width: 100%; height: 100%;\" title=\"Die R\u00fcckgewinnung unserer digitalen Rechte mit Homo Digitalis\" src=\"https:\/\/www.youtube.com\/embed\/5SdF8WxrzIM?si=4lqUrFqsQAsYiBOP\" frameborder=\"0\" allowfullscreen=\"allowfullscreen\"><br \/><\/iframe><\/div>\n","protected":false},"excerpt":{"rendered":"<p>R\u00fcckgewinnung unserer digitalen Rechte Was bedeutet die R\u00fcckgewinnung unserer digitalen Rechte im Zeitalter der \u00dcberwachung und der algorithmischen Macht? In dieser Folge begr\u00fc\u00dfen wir Eleftherios (Lefteris) Chelioudakis , Mitbegr\u00fcnder und Gesch\u00e4ftsf\u00fchrer von Homo Digitalis \u2013 [&hellip;]<\/p>\n","protected":false},"author":355,"featured_media":60854,"comment_status":"closed","ping_status":"closed","sticky":false,"template":"","format":"standard","meta":{"_acf_changed":false,"footnotes":""},"categories":[567],"tags":[14423,2049,14424,13952,14425,1814,10835,3697,14426,14427,2465,2466,1169,2844,13392,2584,1746,14428,14429,14430,13208,2856,2478,12743],"post_formats":[745],"coauthors":[4037],"class_list":["post-61986","post","type-post","status-publish","format-standard","has-post-thumbnail","hentry","category-allgemein","tag-accountability-de","tag-ai-act-de","tag-algorithmic-transparency-de","tag-civic-space-de","tag-civil-society-de","tag-cybersecurity-de","tag-data-privacy-de","tag-democracy-de","tag-digital-citizenship-de","tag-digital-governance-de","tag-digital-rights-de","tag-digital-services-act-de","tag-european-union-de","tag-greece-de","tag-homo-digitalis-de","tag-human-rights-de","tag-misinformation-de","tag-online-freedom-de","tag-platform-power-de","tag-privacy-rights-de","tag-public-interest-de","tag-surveillance-de","tag-tech-regulation-de","tag-vox-civica-de","post_formats-podcast-de"],"acf":[],"_links":{"self":[{"href":"https:\/\/www.pulse-z.eu\/de\/wp-json\/wp\/v2\/posts\/61986","targetHints":{"allow":["GET"]}}],"collection":[{"href":"https:\/\/www.pulse-z.eu\/de\/wp-json\/wp\/v2\/posts"}],"about":[{"href":"https:\/\/www.pulse-z.eu\/de\/wp-json\/wp\/v2\/types\/post"}],"author":[{"embeddable":true,"href":"https:\/\/www.pulse-z.eu\/de\/wp-json\/wp\/v2\/users\/355"}],"replies":[{"embeddable":true,"href":"https:\/\/www.pulse-z.eu\/de\/wp-json\/wp\/v2\/comments?post=61986"}],"version-history":[{"count":3,"href":"https:\/\/www.pulse-z.eu\/de\/wp-json\/wp\/v2\/posts\/61986\/revisions"}],"predecessor-version":[{"id":62001,"href":"https:\/\/www.pulse-z.eu\/de\/wp-json\/wp\/v2\/posts\/61986\/revisions\/62001"}],"wp:featuredmedia":[{"embeddable":true,"href":"https:\/\/www.pulse-z.eu\/de\/wp-json\/wp\/v2\/media\/60854"}],"wp:attachment":[{"href":"https:\/\/www.pulse-z.eu\/de\/wp-json\/wp\/v2\/media?parent=61986"}],"wp:term":[{"taxonomy":"category","embeddable":true,"href":"https:\/\/www.pulse-z.eu\/de\/wp-json\/wp\/v2\/categories?post=61986"},{"taxonomy":"post_tag","embeddable":true,"href":"https:\/\/www.pulse-z.eu\/de\/wp-json\/wp\/v2\/tags?post=61986"},{"taxonomy":"post_formats","embeddable":true,"href":"https:\/\/www.pulse-z.eu\/de\/wp-json\/wp\/v2\/post_formats?post=61986"},{"taxonomy":"author","embeddable":true,"href":"https:\/\/www.pulse-z.eu\/de\/wp-json\/wp\/v2\/coauthors?post=61986"}],"curies":[{"name":"wp","href":"https:\/\/api.w.org\/{rel}","templated":true}]}}