{"id":55577,"date":"2025-10-06T13:23:41","date_gmt":"2025-10-06T13:23:41","guid":{"rendered":"https:\/\/www.pulse-z.eu\/from-buzzword-to-blueprint-youth-power-at-the-osce-with-assel-murat\/"},"modified":"2025-10-06T13:28:05","modified_gmt":"2025-10-06T13:28:05","slug":"vom-schlagwort-zur-blaupause-jugendpower-bei-der-osze-mit-assel-murat","status":"publish","type":"post","link":"https:\/\/www.pulse-z.eu\/de\/vom-schlagwort-zur-blaupause-jugendpower-bei-der-osze-mit-assel-murat\/","title":{"rendered":"Vom Schlagwort zur Blaupause: Jugendpower bei der OSZE mit Assel Murat"},"content":{"rendered":"\n<p><iframe title=\"Spotify Embed: Vom Schlagwort zur Blaupause: Jugendpower bei der OSZE mit Assel Murat\" style=\"border-radius: 12px\" width=\"100%\" height=\"152\" frameborder=\"0\" allowfullscreen allow=\"autoplay; clipboard-write; encrypted-media; fullscreen; picture-in-picture\" loading=\"lazy\" src=\"https:\/\/open.spotify.com\/embed\/episode\/3w0jf59Vsp6XcViL9laMCx?si=vZWE0Sw_TtibJN4_4tRqGw&#038;utm_source=oembed\"><\/iframe><\/p>\n<\/p>\n<p><span style=\"font-weight: 400;\">Wie sieht echtes Engagement junger Menschen in der internationalen Diplomatie aus? In dieser Folge von Vox Civica sprechen wir mit Assel Murat, <a href=\"https:\/\/www.osce.org\/youth\" target=\"_blank\" rel=\"noopener\">Jugendportfolio<\/a> -Koordinator der OSZE, dar\u00fcber, wie die weltweit gr\u00f6\u00dfte regionale Sicherheitsorganisation \u00fcber symbolische Gesten hinausgeht und sich zu struktureller Beteiligung entwickelt.<\/span><\/p>\n<p> <span style=\"font-weight: 400;\">Wir untersuchen, wie die OSZE junge Menschen in ihre Arbeit einbindet, welchen Einfluss der Pool junger Experten hat und welche Rolle die Freundesgruppe f\u00fcr Jugend und Sicherheit bei der Schaffung politischen Willens spielt. Assel erl\u00e4utert die institutionellen Rahmenbedingungen, die Herausforderungen beim \u00dcbergang von Alibipolitik zu Mitgestaltung und wie Erfolg vor Ort tats\u00e4chlich aussieht.<\/span><\/p>\n<p> <span style=\"font-weight: 400;\">Von politischen Tischen bis hin zu Friedenskonsolidierungsprogrammen: Junge Menschen sind nicht nur die Zukunft \u2013 sie gestalten die Gegenwart.<\/span><\/p>\n<p> <span style=\"font-weight: 400;\">Erfahren Sie mehr, indem Sie auf diese Konversation klicken!<\/span><\/p>\n<p> <span style=\"font-weight: 400;\">\ud83c\udf99\ufe0f Gastgeber: <a href=\"https:\/\/www.linkedin.com\/in\/georgios-karagiorgos-400a74251\/\" target=\"_blank\" rel=\"noopener\">Georgios Karagiorgos<\/a><\/span><\/p>\n<p><span style=\"font-weight: 400;\"><strong>\u00dcber den Gast<br \/><\/strong><br \/> <a href=\"https:\/\/www.linkedin.com\/in\/assel-murat1\/\" target=\"_blank\" rel=\"noopener\">Assel Murat<\/a> koordiniert das Jugendportfolio im OSZE-Sekretariat in Wien. Sie verf\u00fcgt \u00fcber mehr als sechs Jahre Erfahrung im Projektmanagement mit den Schwerpunkten Menschenrechte, Geschlechtergleichstellung, Jugend, Medienfreiheit und Rechtsstaatlichkeit. Dar\u00fcber hinaus war sie als Menschenrechtsprojektmanagerin und -forscherin f\u00fcr internationale und zivilgesellschaftliche Organisationen sowie Think Tanks in Zentralasien t\u00e4tig.<\/span><\/p>\n","protected":false},"excerpt":{"rendered":"<p>Wie sieht echtes Engagement junger Menschen in der internationalen Diplomatie aus? In dieser Folge von Vox Civica sprechen wir mit Assel Murat, Jugendportfolio -Koordinator der OSZE, dar\u00fcber, wie die weltweit gr\u00f6\u00dfte regionale Sicherheitsorganisation \u00fcber symbolische [&hellip;]<\/p>\n","protected":false},"author":355,"featured_media":54375,"comment_status":"closed","ping_status":"closed","sticky":false,"template":"","format":"standard","meta":{"_acf_changed":false,"footnotes":""},"categories":[698,567,637,703],"tags":[2051,3697,12735,12736,12737,1460,12738,4163,12739,12740,12741,12742,12743,12744,3024,12745,4984,12746,12747,11082],"post_formats":[745],"coauthors":[4037],"class_list":["post-55577","post","type-post","status-publish","format-standard","has-post-thumbnail","hentry","category-aktuelle-angelegenheiten","category-allgemein","category-die-punkte-verbinden","category-jugend","tag-civic-engagement-de","tag-democracy-de","tag-global-governance-de","tag-international-diplomacy-de","tag-international-organizations-de","tag-osce-de","tag-peacebuilding-de","tag-podcast-de","tag-policy-making-de","tag-public-diplomacy-de","tag-structural-participation-de","tag-tokenism-vs-co-creation-de","tag-vox-civica-de","tag-young-experts-de","tag-youth-activism-de","tag-youth-and-security-de","tag-youth-engagement-de","tag-youth-in-diplomacy-de","tag-youth-leadership-de","tag-youth-participation-de","post_formats-podcast-de"],"acf":[],"_links":{"self":[{"href":"https:\/\/www.pulse-z.eu\/de\/wp-json\/wp\/v2\/posts\/55577","targetHints":{"allow":["GET"]}}],"collection":[{"href":"https:\/\/www.pulse-z.eu\/de\/wp-json\/wp\/v2\/posts"}],"about":[{"href":"https:\/\/www.pulse-z.eu\/de\/wp-json\/wp\/v2\/types\/post"}],"author":[{"embeddable":true,"href":"https:\/\/www.pulse-z.eu\/de\/wp-json\/wp\/v2\/users\/355"}],"replies":[{"embeddable":true,"href":"https:\/\/www.pulse-z.eu\/de\/wp-json\/wp\/v2\/comments?post=55577"}],"version-history":[{"count":13,"href":"https:\/\/www.pulse-z.eu\/de\/wp-json\/wp\/v2\/posts\/55577\/revisions"}],"predecessor-version":[{"id":55634,"href":"https:\/\/www.pulse-z.eu\/de\/wp-json\/wp\/v2\/posts\/55577\/revisions\/55634"}],"wp:featuredmedia":[{"embeddable":true,"href":"https:\/\/www.pulse-z.eu\/de\/wp-json\/wp\/v2\/media\/54375"}],"wp:attachment":[{"href":"https:\/\/www.pulse-z.eu\/de\/wp-json\/wp\/v2\/media?parent=55577"}],"wp:term":[{"taxonomy":"category","embeddable":true,"href":"https:\/\/www.pulse-z.eu\/de\/wp-json\/wp\/v2\/categories?post=55577"},{"taxonomy":"post_tag","embeddable":true,"href":"https:\/\/www.pulse-z.eu\/de\/wp-json\/wp\/v2\/tags?post=55577"},{"taxonomy":"post_formats","embeddable":true,"href":"https:\/\/www.pulse-z.eu\/de\/wp-json\/wp\/v2\/post_formats?post=55577"},{"taxonomy":"author","embeddable":true,"href":"https:\/\/www.pulse-z.eu\/de\/wp-json\/wp\/v2\/coauthors?post=55577"}],"curies":[{"name":"wp","href":"https:\/\/api.w.org\/{rel}","templated":true}]}}