{"id":48682,"date":"2025-09-17T11:36:14","date_gmt":"2025-09-17T11:36:14","guid":{"rendered":"https:\/\/www.pulse-z.eu\/5-european-festivals-with-political-roots\/"},"modified":"2025-09-18T09:31:59","modified_gmt":"2025-09-18T09:31:59","slug":"mehr-als-musik-5-europaische-festivals-mit-politischen-wurzeln","status":"publish","type":"post","link":"https:\/\/www.pulse-z.eu\/de\/mehr-als-musik-5-europaische-festivals-mit-politischen-wurzeln\/","title":{"rendered":"Mehr als Musik: 5 europ\u00e4ische Festivals mit politischen Wurzeln"},"content":{"rendered":"\n<p>Musikfestivals waren schon immer paradoxe Orte. Oberfl\u00e4chlich betrachtet dreht sich alles um Hedonismus \u2013 schlammige Felder, biergetr\u00e4nktes Tanzen, Soundsysteme, die die ganze Nacht durchdrehen, und das Zelt, das man um 5 Uhr morgens verliert. Es sind fl\u00fcchtige Fluchten aus der realen Welt, konzentriert und destilliert auf verlorene Wochenenden.<\/p>\n<div id=\"attachment_1553\" style=\"width: 810px\" class=\"wp-caption alignnone\"><img aria-describedby=\"caption-attachment-1553\" loading=\"lazy\" decoding=\"async\" class=\"wp-image-1553\" src=\"https:\/\/www.pulse-z.eu\/wp-content\/uploads\/2025\/04\/pexels-vishnurnair-1105666-scaled.jpg\" alt=\"\" width=\"800\" height=\"533\" srcset=\"https:\/\/www.pulse-z.eu\/wp-content\/uploads\/2025\/04\/pexels-vishnurnair-1105666-scaled.jpg 2560w, https:\/\/www.pulse-z.eu\/wp-content\/uploads\/2025\/04\/pexels-vishnurnair-1105666-768x512.jpg 768w, https:\/\/www.pulse-z.eu\/wp-content\/uploads\/2025\/04\/pexels-vishnurnair-1105666-1536x1024.jpg 1536w, https:\/\/www.pulse-z.eu\/wp-content\/uploads\/2025\/04\/pexels-vishnurnair-1105666-2048x1365.jpg 2048w\" sizes=\"auto, (max-width: 800px) 100vw, 800px\" \/><\/p>\n<p id=\"caption-attachment-1553\" class=\"wp-caption-text\"> Foto von Vishnu R Nair<\/p>\n<\/div>\n<h2 data-start=\"848\" data-end=\"1178\"> Die mittelalterlichen Urspr\u00fcnge der Musikfestivals<\/h2>\n<p data-start=\"848\" data-end=\"1178\"> Doch wer genauer hinsieht, wird feststellen, dass es dabei nie nur ums Feiern geht. Seit ihren Wurzeln im mittelalterlichen Karneval \u2013 wo die Untertanen in Masken feierten, Normen auf den Kopf stellten und das Establishment verspotteten \u2013 haben Festivals eine lange Geschichte des Widerstands und der kulturellen Auswirkungen.<\/p>\n<p class=\"\" data-start=\"848\" data-end=\"1178\"> Im modernen Europa brennt dieses Erbe der Dissidenz noch immer hell. Hinter den Chart-Top-Lineups, Influencer-Posts und multinationalen Sponsorings haben Musikfestivals oft eine heftig politische Hintergrundgeschichte, aufgeladen mit Bedeutungen, die im modernen Popkultur-Diskurs oft verloren gehen.<\/p>\n<p data-start=\"848\" data-end=\"1178\"> Festivals spiegeln oft ihre politische Situation wider oder widersetzen sich ihr offen. Von Jugendprotesten gegen Diktaturen bis hin zu Bewegungen f\u00fcr Minderheitenrechte und k\u00fcnstlerische Freiheit \u2013 diese Veranstaltungen haben die Zeit gepr\u00e4gt und wurden von ihr gepr\u00e4gt.<\/p>\n<p data-start=\"1210\" data-end=\"1685\"> Dieses Jahr kamen diese politischen Unterstr\u00f6mungen wieder lautstark an die Oberfl\u00e4che. W\u00e4hrend die Sommerfestivalsaison zu Ende geht und die Zelte bis zum n\u00e4chsten Jahr abgebaut werden, wird das Jahr 2025 f\u00fcr eine Reihe von Momenten in Erinnerung bleiben, die Festivals \u00fcber die Musikseiten hinaus in den Mittelpunkt kultureller und politischer Debatten r\u00fcckten. Von B\u00fchnenprotesten bis hin zu internationalen Boykotten erinnerte uns die Saison daran, dass die B\u00fchne immer noch ein Ort des Widerstands ist.<\/p>\n<p data-start=\"1687\" data-end=\"1922\"> Die folgenden f\u00fcnf Festivals \u2013 von den Feldern Somersets in England bis zu den Festungsmauern von Novi Sad in Serbien \u2013 zeigen, dass Politik immer noch einen gro\u00dfen Teil des Festivalerlebnisses ausmacht.<\/p>\n<h3 data-start=\"0\" data-end=\"126\"> EXIT Festival (Serbien) <\/h3>\n<p><img loading=\"lazy\" decoding=\"async\" class=\"aligncenter wp-image-1576\" src=\"https:\/\/www.pulse-z.eu\/wp-content\/uploads\/2025\/04\/dance-arena_01.jpg\" alt=\"\" width=\"1000\" height=\"667\" srcset=\"https:\/\/www.pulse-z.eu\/wp-content\/uploads\/2025\/04\/dance-arena_01.jpg 1800w, https:\/\/www.pulse-z.eu\/wp-content\/uploads\/2025\/04\/dance-arena_01-768x512.jpg 768w, https:\/\/www.pulse-z.eu\/wp-content\/uploads\/2025\/04\/dance-arena_01-1536x1024.jpg 1536w\" sizes=\"auto, (max-width: 1000px) 100vw, 1000px\" \/><\/p>\n<p class=\"\" data-start=\"0\" data-end=\"126\"> Das EXIT Festival findet jeden Sommer in der Festung Petrovaradin in Novi Sad statt. Die B\u00fchnen erstrecken sich von gro\u00dfen Innenh\u00f6fen bis hin zu einer im Sonnenaufgang beleuchteten Tanzarena im alten Burggraben.<\/p>\n<p class=\"\" data-start=\"0\" data-end=\"126\"> <strong>DAMALS:<\/strong> Das Festival wurde im Jahr 2000 als 100-t\u00e4giger Studentenprotest gegen Slobodan Milo\u0161evi\u0107 ins Leben gerufen und sollte die Jugend mobilisieren und Ver\u00e4nderungen fordern. Nach dem Sturz des Diktators zog das Festival 2001 in die Festung um und entwickelte sich zu einem Symbol des neuen demokratischen Geistes Serbiens \u2013 und zu einem der f\u00fchrenden Musikfestivals Europas.<\/p>\n<p data-start=\"0\" data-end=\"126\"> <strong>JETZT:<\/strong> Im Jahr 2025 schloss sich der Kreis des politischen Erbes von EXIT. Nachdem die Organisatoren Anfang des Jahres ihre Unterst\u00fctzung f\u00fcr Antikorruptionsproteste zum Ausdruck gebracht hatten, warnten sie, das Festival m\u00fcsse m\u00f6glicherweise \u201eins Exil gehen\u201c \u2013 vielleicht sogar ganz aus Serbien wegziehen. In ihrer Erkl\u00e4rung nannten sie staatliche Feindseligkeit, reduzierte Finanzierung und ein abschreckendes Klima f\u00fcr Dissidenten.<\/p>\n<h2 data-start=\"0\" data-end=\"126\"> Glastonbury (England) <\/h2>\n<div id=\"attachment_48589\" style=\"width: 1010px\" class=\"wp-caption alignnone\"><img aria-describedby=\"caption-attachment-48589\" loading=\"lazy\" decoding=\"async\" class=\"wp-image-48589\" src=\"https:\/\/www.pulse-z.eu\/wp-content\/uploads\/2025\/04\/aranxa-esteve-pOXHU0UEDcg-unsplash-1-scaled.jpg\" alt=\"\" width=\"1000\" height=\"668\" srcset=\"https:\/\/www.pulse-z.eu\/wp-content\/uploads\/2025\/04\/aranxa-esteve-pOXHU0UEDcg-unsplash-1-scaled.jpg 2560w, https:\/\/www.pulse-z.eu\/wp-content\/uploads\/2025\/04\/aranxa-esteve-pOXHU0UEDcg-unsplash-1-768x513.jpg 768w, https:\/\/www.pulse-z.eu\/wp-content\/uploads\/2025\/04\/aranxa-esteve-pOXHU0UEDcg-unsplash-1-1536x1026.jpg 1536w, https:\/\/www.pulse-z.eu\/wp-content\/uploads\/2025\/04\/aranxa-esteve-pOXHU0UEDcg-unsplash-1-2048x1368.jpg 2048w\" sizes=\"auto, (max-width: 1000px) 100vw, 1000px\" \/><\/p>\n<p id=\"caption-attachment-48589\" class=\"wp-caption-text\"> Foto von Aranxa Esteve auf Unsplash (aranxaesteve.com)<\/p>\n<\/div>\n<p data-start=\"0\" data-end=\"126\"> <a href=\"https:\/\/www.glastonburyfestivals.co.uk\/\" target=\"_blank\" rel=\"noopener\">Glastonbury<\/a> ist eines der bekanntesten und kulturell angesehensten Musikfestivals Europas. Es findet j\u00e4hrlich auf der Worthy Farm in Somerset statt und ist das ultimative Initiationswochenende f\u00fcr Musikfans. Es wird online und vom britischen Staatssender BBC \u00fcber Hunderte von Stunden \u00fcbertragen.<\/p>\n<p data-start=\"0\" data-end=\"126\"> <strong data-start=\"961\" data-end=\"970\">Damals:<\/strong> Glastonbury wurde 1970 gegr\u00fcndet und hat seine Wurzeln in der Gegenkultur und dem Anti-Establishment-Ethos. Inspirationen stammen von kostenlosen Festivals und den Protestbewegungen der 1960er Jahre. Als gemeinn\u00fctzige Organisation hat sich das Festival im Laufe der Jahre stark f\u00fcr Umweltthemen und soziale Gerechtigkeit eingesetzt und pflegt eine langj\u00e4hrige Partnerschaft mit CND und zahlreichen Wohlt\u00e4tigkeitsorganisationen.<\/p>\n<p data-start=\"0\" data-end=\"126\"><br data-start=\"1186\" data-end=\"1189\" \/> <strong data-start=\"1189\" data-end=\"1197\">Jetzt:<\/strong> Im Jahr 2025 brach eine Kontroverse aus, als das britische Punk-Hip-Hop-Duo <strong data-start=\"1258\" data-end=\"1271\">Bob Vylan<\/strong> w\u00e4hrend seines Auftritts \u201eTod den IDF\u201c anstimmte \u2013 was eine polizeiliche Untersuchung und einen Aufschrei der nationalen Medien ausl\u00f6ste. Unterdessen entfachte die irischsprachige Rap-Band <strong data-start=\"1415\" data-end=\"1426\">Kneecap<\/strong> die politische Debatte mit pro-pal\u00e4stinensischen Parolen neu. Kneecap begann ihren Auftritt, indem sie die Menge zu \u201eF**k Keir Starmer\u201c-Rufen anregten, nachdem der britische Premierminister den Auftritt von Kneecap als \u201eunangemessen\u201c bezeichnet hatte. Kneecap konterte au\u00dferdem mit einem Social-Media-Statement: \u201eWei\u00dft du, was \u201anicht angemessen\u2018 ist, Keir? Die Bewaffnung eines verdammten V\u00f6lkermords\u201c, womit die britische Unterst\u00fctzung des israelischen Milit\u00e4reinsatzes im Gazastreifen gemeint war.<\/p>\n<h2 data-start=\"0\" data-end=\"126\"> Sziget (Ungarn) <\/h2>\n<div id=\"attachment_48599\" style=\"width: 1010px\" class=\"wp-caption alignnone\"><img aria-describedby=\"caption-attachment-48599\" loading=\"lazy\" decoding=\"async\" class=\"wp-image-48599\" src=\"https:\/\/www.pulse-z.eu\/wp-content\/uploads\/2025\/09\/pexels-bence-szemerey-337043-7081216-scaled.jpg\" alt=\"\" width=\"1000\" height=\"666\" srcset=\"https:\/\/www.pulse-z.eu\/wp-content\/uploads\/2025\/09\/pexels-bence-szemerey-337043-7081216-scaled.jpg 2560w, https:\/\/www.pulse-z.eu\/wp-content\/uploads\/2025\/09\/pexels-bence-szemerey-337043-7081216-768x512.jpg 768w, https:\/\/www.pulse-z.eu\/wp-content\/uploads\/2025\/09\/pexels-bence-szemerey-337043-7081216-1536x1024.jpg 1536w, https:\/\/www.pulse-z.eu\/wp-content\/uploads\/2025\/09\/pexels-bence-szemerey-337043-7081216-2048x1365.jpg 2048w\" sizes=\"auto, (max-width: 1000px) 100vw, 1000px\" \/><\/p>\n<p id=\"caption-attachment-48599\" class=\"wp-caption-text\"> Foto von Bence Szemerey auf Pexels (Instagram.com\/benceszemerey)<\/p>\n<\/div>\n<p data-start=\"0\" data-end=\"126\"> <strong data-start=\"1646\" data-end=\"1655\">Damals:<\/strong> Sziget wurde 1993 im postkommunistischen Ungarn gegr\u00fcndet und begann als studentischer Protest gegen ein kulturelles Vakuum und eine Regierung, die die K\u00fcnste vernachl\u00e4ssigte. Seit Jahrzehnten ist es in Ungarn ein Symbol f\u00fcr freie Meinungs\u00e4u\u00dferung und Jugendengagement. Bis heute lautet sein Slogan \u201eInsel der Freiheit\u201c.<br data-start=\"1805\" data-end=\"1808\" \/> <strong data-start=\"1808\" data-end=\"1816\">Heute:<\/strong> 2025 wurde das Sziget unerwartet zum Brennpunkt politischer Opposition. Tausende Festivalbesucher stimmten in regierungskritische Sprechch\u00f6re gegen Viktor Orb\u00e1ns Regime ein. Die Ges\u00e4nge spiegelten die wachsende Frustration \u00fcber die angeblichen Angriffe auf die Demokratie und die Entt\u00e4uschung der ungarischen Jugend wider. Die Spannungen erreichten ihren H\u00f6hepunkt, als der irischen Rap-Gruppe Kneecap ein Auftrittsverbot erteilt wurde. Sie schaffte es jedoch, sp\u00e4t in der Nacht eine trotzige Botschaft \u00fcber die Bildschirme des Festivals zu senden. Sie beschuldigte Orb\u00e1n der Zensur und unterst\u00fctzte Israels Krieg gegen Gaza. Die Menge brach in Buhrufe und Sprechch\u00f6re aus, als das Video mit Aufrufen zum Widerstand gegen V\u00f6lkermord und zur Unterst\u00fctzung der pal\u00e4stinensischen Freiheit endete.<\/p>\n<h2 data-start=\"154\" data-end=\"526\"> <strong data-start=\"154\" data-end=\"185\">Roskilde (D\u00e4nemark)<\/strong> <\/h2>\n<div id=\"attachment_48620\" style=\"width: 1010px\" class=\"wp-caption alignnone\"><img aria-describedby=\"caption-attachment-48620\" loading=\"lazy\" decoding=\"async\" class=\"wp-image-48620\" src=\"https:\/\/www.pulse-z.eu\/wp-content\/uploads\/2025\/09\/roskilde-festival-2006-1240060-scaled.jpg\" alt=\"\" width=\"1000\" height=\"750\" srcset=\"https:\/\/www.pulse-z.eu\/wp-content\/uploads\/2025\/09\/roskilde-festival-2006-1240060-scaled.jpg 2560w, https:\/\/www.pulse-z.eu\/wp-content\/uploads\/2025\/09\/roskilde-festival-2006-1240060-768x576.jpg 768w, https:\/\/www.pulse-z.eu\/wp-content\/uploads\/2025\/09\/roskilde-festival-2006-1240060-1536x1152.jpg 1536w, https:\/\/www.pulse-z.eu\/wp-content\/uploads\/2025\/09\/roskilde-festival-2006-1240060-2048x1536.jpg 2048w\" sizes=\"auto, (max-width: 1000px) 100vw, 1000px\" \/><\/p>\n<p id=\"caption-attachment-48620\" class=\"wp-caption-text\"> Foto von freeimages.com<\/p>\n<\/div>\n<p data-start=\"154\" data-end=\"526\"> <a href=\"https:\/\/www.roskilde-festival.dk\/en\" target=\"_blank\" rel=\"noopener\">Roskilde<\/a> ist Skandinaviens gr\u00f6\u00dftes und sozial engagiertestes Festival \u2013 ein einw\u00f6chiges Treffen mit 130.000 Menschen vor den Toren Kopenhagens. Jeden Sommer wird Roskilde zur drittgr\u00f6\u00dften Stadt D\u00e4nemarks \u2013 mit einer gemeinsamen Ethos-Musik, Aktivismus und einer radikalen Community.<\/p>\n<p data-start=\"528\" data-end=\"840\"> <strong data-start=\"528\" data-end=\"537\">Damals:<\/strong> Roskilde wurde 1971 von zwei Studenten ins Leben gerufen, die von den Gegenkulturbewegungen der damaligen Zeit inspiriert waren. Das Festival hat sich zu einer unabh\u00e4ngigen, gemeinn\u00fctzigen Institution entwickelt, die seit \u00fcber 50 Jahren ihre Gewinne f\u00fcr humanit\u00e4re, \u00f6kologische und kulturelle Zwecke einsetzt.<\/p>\n<p data-start=\"842\" data-end=\"1251\" data-is-last-node=\"\" data-is-only-node=\"\"> <strong data-start=\"842\" data-end=\"850\">Heute:<\/strong> Im Jahr 2025 r\u00fcckten Roskildes aktivistische Wurzeln in den Mittelpunkt. Protestinstallationen von Led By Donkeys (die Donald Trump, Elon Musk und den britischen Rechtspolitiker Farage verspotteten) waren auf dem gesamten Gel\u00e4nde zu sehen, w\u00e4hrend Performances und Workshops sich mit Klimagerechtigkeit, Fl\u00fcchtlingssolidarit\u00e4t und digitalen Rechten besch\u00e4ftigten. Als Politiker fragten, ob das Festival \u201ezu politisch\u201c geworden sei, machten die Organisatoren deutlich, dass dies vom ersten Tag an das erkl\u00e4rte Leitbild gewesen sei. <\/p>\n<article class=\"text-token-text-primary w-full focus:outline-none scroll-mt-[calc(var(--header-height)+min(200px,max(70px,20svh)))]\" dir=\"auto\" tabindex=\"-1\" data-turn-id=\"request-67f5a4d5-75a0-8008-8fb8-1c87b002c83d-11\" data-testid=\"conversation-turn-82\" data-scroll-anchor=\"true\" data-turn=\"assistant\">\n<div class=\"text-base my-auto mx-auto pb-10 [--thread-content-margin:--spacing(4)] thread-sm:[--thread-content-margin:--spacing(6)] thread-lg:[--thread-content-margin:--spacing(16)] px-(--thread-content-margin)\">\n<div class=\"[--thread-content-max-width:40rem] thread-lg:[--thread-content-max-width:48rem] mx-auto max-w-(--thread-content-max-width) flex-1 group\/turn-messages focus-visible:outline-hidden relative flex w-full min-w-0 flex-col agent-turn\" tabindex=\"-1\">\n<div class=\"flex max-w-full flex-col grow\">\n<div class=\"min-h-8 text-message relative flex w-full flex-col items-end gap-2 text-start break-words whitespace-normal [.text-message+&amp;]:mt-5\" dir=\"auto\" data-message-author-role=\"assistant\" data-message-id=\"ce32d20b-7be7-44af-8c6b-c50348b72a5a\" data-message-model-slug=\"gpt-4o\">\n<div class=\"flex w-full flex-col gap-1 empty:hidden first:pt-[3px]\">\n<div class=\"markdown prose dark:prose-invert w-full break-words light markdown-new-styling\">\n<h2 data-start=\"1660\" data-end=\"2036\"> <strong data-start=\"1660\" data-end=\"1694\">Pol&#39;and&#39;Rock Festival (Polen)<\/strong> <\/h2>\n<blockquote class=\"instagram-media\" style=\"background: #FFF; border: 0; border-radius: 3px; box-shadow: 0 0 1px 0 rgba(0,0,0,0.5),0 1px 10px 0 rgba(0,0,0,0.15); margin: 1px; max-width: 540px; min-width: 326px; padding: 0; width: calc(100% - 2px);\" data-instgrm-captioned=\"\" data-instgrm-permalink=\"https:\/\/www.instagram.com\/p\/DONiAx4jNyL\/?utm_source=ig_embed&amp;utm_campaign=loading\" data-instgrm-version=\"14\">\n<div style=\"padding: 16px;\">\n<div style=\"display: flex; flex-direction: row; align-items: center;\">\n<div style=\"background-color: #f4f4f4; border-radius: 50%; flex-grow: 0; height: 40px; margin-right: 14px; width: 40px;\"><\/div>\n<div style=\"display: flex; flex-direction: column; flex-grow: 1; justify-content: center;\">\n<div style=\"background-color: #f4f4f4; border-radius: 4px; flex-grow: 0; height: 14px; margin-bottom: 6px; width: 100px;\"><\/div>\n<div style=\"background-color: #f4f4f4; border-radius: 4px; flex-grow: 0; height: 14px; width: 60px;\"><\/div>\n<\/div>\n<\/div>\n<div style=\"padding: 19% 0;\"><\/div>\n<div style=\"display: block; height: 50px; margin: 0 auto 12px; width: 50px;\"><\/div>\n<div style=\"padding-top: 8px;\">\n<div style=\"color: #3897f0; font-family: Arial,sans-serif; font-size: 14px; font-style: normal; font-weight: 550; line-height: 18px;\"> Diesen Beitrag auf Instagram ansehen <\/div>\n<\/div>\n<div style=\"padding: 12.5% 0;\"><\/div>\n<div style=\"display: flex; flex-direction: row; margin-bottom: 14px; align-items: center;\">\n<div>\n<div style=\"background-color: #f4f4f4; border-radius: 50%; height: 12.5px; width: 12.5px; transform: translateX(0px) translateY(7px);\"><\/div>\n<div style=\"background-color: #f4f4f4; height: 12.5px; transform: rotate(-45deg) translateX(3px) translateY(1px); width: 12.5px; flex-grow: 0; margin-right: 14px; margin-left: 2px;\"><\/div>\n<div style=\"background-color: #f4f4f4; border-radius: 50%; height: 12.5px; width: 12.5px; transform: translateX(9px) translateY(-18px);\"><\/div>\n<\/div>\n<div style=\"margin-left: 8px;\">\n<div style=\"background-color: #f4f4f4; border-radius: 50%; flex-grow: 0; height: 20px; width: 20px;\"><\/div>\n<div style=\"width: 0; height: 0; border-top: 2px solid transparent; border-left: 6px solid #f4f4f4; border-bottom: 2px solid transparent; transform: translateX(16px) translateY(-4px) rotate(30deg);\"><\/div>\n<\/div>\n<div style=\"margin-left: auto;\">\n<div style=\"width: 0px; border-top: 8px solid #F4F4F4; border-right: 8px solid transparent; transform: translateY(16px);\"><\/div>\n<div style=\"background-color: #f4f4f4; flex-grow: 0; height: 12px; width: 16px; transform: translateY(-4px);\"><\/div>\n<div style=\"width: 0; height: 0; border-top: 8px solid #F4F4F4; border-left: 8px solid transparent; transform: translateY(-4px) translateX(8px);\"><\/div>\n<\/div>\n<\/div>\n<div style=\"display: flex; flex-direction: column; flex-grow: 1; justify-content: center; margin-bottom: 24px;\">\n<div style=\"background-color: #f4f4f4; border-radius: 4px; flex-grow: 0; height: 14px; margin-bottom: 6px; width: 224px;\"><\/div>\n<div style=\"background-color: #f4f4f4; border-radius: 4px; flex-grow: 0; height: 14px; width: 144px;\"><\/div>\n<\/div>\n<p style=\"color: #c9c8cd; font-family: Arial,sans-serif; font-size: 14px; line-height: 17px; margin-bottom: 0; margin-top: 8px; overflow: hidden; padding: 8px 0 7px; text-align: center; text-overflow: ellipsis; white-space: nowrap;\"> <a style=\"color: #c9c8cd; font-family: Arial,sans-serif; font-size: 14px; font-style: normal; font-weight: normal; line-height: 17px; text-decoration: none;\" href=\"https:\/\/www.instagram.com\/p\/DONiAx4jNyL\/?utm_source=ig_embed&amp;utm_campaign=loading\" target=\"_blank\" rel=\"noopener\">Ein Beitrag geteilt vom Pol&#39;and&#39;Rock Festival (@polandrockfestival)<\/a> <\/p>\n<\/div>\n<\/blockquote>\n<p><script async src=\"\/\/www.instagram.com\/embed.js\"><\/script><\/p>\n<p data-start=\"1660\" data-end=\"2036\"> <a href=\"https:\/\/en.polandrockfestival.pl\/\" target=\"_blank\" rel=\"noopener\">Pol&#39;and&#39;Rock<\/a> wird oft als \u201epolnisches Woodstock\u201c bezeichnet und ist Rockfestival, B\u00fcrgerprotest und inklusive Feier der offenen Gesellschaft zugleich. Das kostenlose Festival findet j\u00e4hrlich in Czaplinek statt. Der Eintritt ist frei und organisiert<\/p>\n<p data-start=\"2038\" data-end=\"2451\"> <strong data-start=\"2038\" data-end=\"2047\">Dann:<\/strong><br data-start=\"2047\" data-end=\"2050\" \/> Das Festival wurde 1995 im postkommunistischen Polen vom Gro\u00dfen Orchester der Weihnachtshilfe ins Leben gerufen, einer gemeinn\u00fctzigen Organisation mit tiefen Wurzeln in humanit\u00e4ren und gesundheitlichen Belangen. Es entstand als freudige Rebellion gegen den Autoritarismus, mit den Grundlagen von Musik, Bildung und freier Meinungs\u00e4u\u00dferung.<\/p>\n<p data-start=\"2453\" data-end=\"3056\" data-is-last-node=\"\" data-is-only-node=\"\"> <strong data-start=\"2453\" data-end=\"2461\">Jetzt:<\/strong><br data-start=\"2461\" data-end=\"2464\" \/> Im Jahr 2025 geriet dieses Erbe unter juristischen Druck. Rechtsgerichtete Politiker und Medien warfen dem Festival vor, \u201esubversive Ideologien zu f\u00f6rdern\u201c, nachdem in Zelten Diskussionen \u00fcber LGBTQ+-Rechte und den Zugang zu Abtreibungen stattgefunden hatten. Konservative Abgeordnete drohten, k\u00fcnftige Genehmigungen f\u00fcr die Nutzung \u00f6ffentlichen Landes zu verweigern. Die Organisatoren beharrten darauf und erkl\u00e4rten, es sei bei Pol&#39;and&#39;Rock <em data-start=\"2843\" data-end=\"2851\">schon immer<\/em> darum gegangen, an den Rand gedr\u00e4ngten Stimmen Geh\u00f6r zu verschaffen. <\/p>\n<\/div>\n<\/div>\n<\/div>\n<\/div>\n<div class=\"flex min-h-[46px] justify-start\"><\/div>\n<div class=\"mt-3 w-full empty:hidden\">\n<div class=\"text-center\"><\/div>\n<\/div>\n<\/div>\n<\/div>\n<\/article>\n<div class=\"pointer-events-none h-px w-px\" aria-hidden=\"true\" data-edge=\"true\"><\/div>\n<p data-start=\"0\" data-end=\"126\">\n","protected":false},"excerpt":{"rendered":"<p>Musikfestivals waren schon immer paradoxe Orte. Oberfl\u00e4chlich betrachtet dreht sich alles um Hedonismus \u2013 schlammige Felder, biergetr\u00e4nktes Tanzen, Soundsysteme, die die ganze Nacht durchdrehen, und das Zelt, das man um 5 Uhr morgens verliert. Es [&hellip;]<\/p>\n","protected":false},"author":90,"featured_media":50661,"comment_status":"closed","ping_status":"closed","sticky":false,"template":"","format":"standard","meta":{"_acf_changed":false,"footnotes":""},"categories":[637],"tags":[1747],"post_formats":[645],"coauthors":[11714],"class_list":["post-48682","post","type-post","status-publish","format-standard","has-post-thumbnail","hentry","category-die-punkte-verbinden","tag-politics-de","post_formats-artikel"],"acf":[],"_links":{"self":[{"href":"https:\/\/www.pulse-z.eu\/de\/wp-json\/wp\/v2\/posts\/48682","targetHints":{"allow":["GET"]}}],"collection":[{"href":"https:\/\/www.pulse-z.eu\/de\/wp-json\/wp\/v2\/posts"}],"about":[{"href":"https:\/\/www.pulse-z.eu\/de\/wp-json\/wp\/v2\/types\/post"}],"author":[{"embeddable":true,"href":"https:\/\/www.pulse-z.eu\/de\/wp-json\/wp\/v2\/users\/90"}],"replies":[{"embeddable":true,"href":"https:\/\/www.pulse-z.eu\/de\/wp-json\/wp\/v2\/comments?post=48682"}],"version-history":[{"count":9,"href":"https:\/\/www.pulse-z.eu\/de\/wp-json\/wp\/v2\/posts\/48682\/revisions"}],"predecessor-version":[{"id":49031,"href":"https:\/\/www.pulse-z.eu\/de\/wp-json\/wp\/v2\/posts\/48682\/revisions\/49031"}],"wp:featuredmedia":[{"embeddable":true,"href":"https:\/\/www.pulse-z.eu\/de\/wp-json\/wp\/v2\/media\/50661"}],"wp:attachment":[{"href":"https:\/\/www.pulse-z.eu\/de\/wp-json\/wp\/v2\/media?parent=48682"}],"wp:term":[{"taxonomy":"category","embeddable":true,"href":"https:\/\/www.pulse-z.eu\/de\/wp-json\/wp\/v2\/categories?post=48682"},{"taxonomy":"post_tag","embeddable":true,"href":"https:\/\/www.pulse-z.eu\/de\/wp-json\/wp\/v2\/tags?post=48682"},{"taxonomy":"post_formats","embeddable":true,"href":"https:\/\/www.pulse-z.eu\/de\/wp-json\/wp\/v2\/post_formats?post=48682"},{"taxonomy":"author","embeddable":true,"href":"https:\/\/www.pulse-z.eu\/de\/wp-json\/wp\/v2\/coauthors?post=48682"}],"curies":[{"name":"wp","href":"https:\/\/api.w.org\/{rel}","templated":true}]}}