{"id":42270,"date":"2025-08-25T08:04:36","date_gmt":"2025-08-25T08:04:36","guid":{"rendered":"https:\/\/www.pulse-z.eu\/europe-at-a-crossroads-skills-shortages-surpluses-and-the-digital-shift\/"},"modified":"2025-08-25T14:20:24","modified_gmt":"2025-08-25T14:20:24","slug":"europa-am-scheideweg-fachkraftemangel-fachkrafteuberschuss-und-der-digitale-wandel","status":"publish","type":"post","link":"https:\/\/www.pulse-z.eu\/de\/europa-am-scheideweg-fachkraftemangel-fachkrafteuberschuss-und-der-digitale-wandel\/","title":{"rendered":"Europa am Scheideweg: Fachkr\u00e4ftemangel, Fachkr\u00e4fte\u00fcberschuss und der digitale Wandel"},"content":{"rendered":"\n<p><span style=\"font-weight: 400;\">Europe\u2019s job market is sending mixed signals. On one hand, employment rates are rising and the post-pandemic economy is recovering. On the other, many sectors are desperately short of workers\u2014while others are overflowing with talent that has nowhere to go.<\/span><\/p>\n<p><span style=\"font-weight: 400;\"><a href=\"https:\/\/eures.europa.eu\/living-and-working\/labour-shortages-and-surpluses-europe_en\" target=\"_blank\" rel=\"noopener\">The latest report<\/a> from the European Labour Authority (based on the 7th edition of the <a href=\"https:\/\/eures.europa.eu\/index_en\" target=\"_blank\" rel=\"noopener\">EURES report<\/a>) paints a complex picture of Europe\u2019s labour market. It\u2019s a continent where welders are hard to find, but administrative assistants are too many. And it\u2019s a challenge that isn\u2019t going away anytime soon.<\/span><\/p>\n<p> Labour Shortages\u2014But Not Everywhere <\/p>\n<p><span style=\"font-weight: 400;\">At first glance, Europe\u2019s job market looks healthy. Employment is up, and the COVID-19 crisis feels like a thing of the past\u2014at least on paper.<\/span><\/p>\n<p><span style=\"font-weight: 400;\">But dig deeper, and you\u2019ll find a serious imbalance between supply and demand. Several factors are at play: an ageing population, rapid technological change, the transition to a digital and green economy, and a lack of interest among young people in physically demanding or low-status jobs.<\/span><\/p>\n<p><span style=\"font-weight: 400;\">The professions facing the biggest shortages today include welders, cooks, healthcare workers, and electricians. What do they have in common? High physical demands, the need for technical skills\u2014and fewer young people willing to take them on.<\/span><\/p>\n<p><span style=\"font-weight: 400;\">In contrast, Europe is seeing an oversupply of workers in administrative and office jobs\u2014sectors most affected by automation and AI. In short: if a job can be done by an algorithm, it\u2019s less likely to still need a human. And yet, many people still train or apply for those jobs, deepening the mismatch.<\/span><\/p>\n<p> Women and Youth Left Out of In-Demand Jobs <\/p>\n<p><span style=\"font-weight: 400;\">Social and cultural norms play a huge role in these trends. Just 29% of workers in shortage occupations are women.<\/span><\/p>\n<p><span style=\"font-weight: 400;\">Why so few? Many of the in-demand roles\u2014construction, logistics, industry\u2014are traditionally seen as \u201cmen\u2019s work.\u201d Even though more initiatives are trying to break gender barriers, the numbers speak for themselves.<\/span><\/p>\n<p><span style=\"font-weight: 400;\">The opposite trend appears in oversaturated jobs: 62% of admin and clerical workers are women. These are the very sectors being automated. Stereotypical career choices are having real economic and social consequences.<\/span><\/p>\n<p><span style=\"font-weight: 400;\">Youth are also largely absent from shortage professions. Despite many employment programmes targeting them, young people aren\u2019t filling the gaps. This is alarming\u2014because as older workers retire, there\u2019s no one to replace them. Europe may soon face a generational gap on the job market, harder to fix than today\u2019s shortages.<\/span><\/p>\n<p> Transport and Logistics in Crisis <\/p>\n<p><span style=\"font-weight: 400;\">The report pays special attention to transport and warehousing, where staff shortages are becoming critical. Truck drivers are disappearing\u2014even as demand for deliveries grows.<\/span><\/p>\n<p><span style=\"font-weight: 400;\">The reasons are clear: young people aren\u2019t signing up, and the working conditions are tough. Long hours on the road, limited time with family, and safety concerns are all major turn-offs.<\/span><\/p>\n<p><span style=\"font-weight: 400;\">What\u2019s more, widespread use of undeclared work and fake self-employment in the sector undermines job security and the industry&#8217;s reputation.<\/span><\/p>\n<p><span style=\"font-weight: 400;\">This isn\u2019t just a demographic issue\u2014it\u2019s a consequence of deeper structural and social neglect.<\/span><\/p>\n<p> Europe\u2019s Digital Skills Gap <\/p>\n<p><span style=\"font-weight: 400;\">Looking ahead, digital skills will make or break Europe\u2019s workforce. And the current numbers are worrying: only 5.6% of adults in the EU have basic digital skills.<\/span><\/p>\n<p><span style=\"font-weight: 400;\">That means the majority of adults can\u2019t comfortably handle tasks like data analysis, coding, or working with automated systems\u2014skills that are quickly becoming essential.<\/span><\/p>\n<p><span style=\"font-weight: 400;\">Without strong, accessible lifelong learning systems, Europe risks falling behind in the global race for innovation. The digital divide doesn\u2019t just limit job prospects\u2014it increases the risk of social exclusion, especially for older people, those in rural areas, and individuals with lower education levels.<\/span><\/p>\n<h3><b>The way forward: education and mobility<\/b><\/h3>\n<p><span style=\"font-weight: 400;\">The report is clear: the solution lies in investing in education, training, and labour mobility. Initiatives like the <\/span><a href=\"https:\/\/employment-social-affairs.ec.europa.eu\/policies-and-activities\/skills-and-qualifications\/working-together\/pact-skills_en?prefLang=pl\" target=\"_blank\" rel=\"noopener\"><span style=\"font-weight: 400;\">Pact for Skills<\/span><\/a><span style=\"font-weight: 400;\"> aim to modernise learning systems and expand adult training.<\/span><\/p>\n<p><span style=\"font-weight: 400;\">There\u2019s also growing emphasis on <\/span><a href=\"https:\/\/www.stem.org.uk\/\" target=\"_blank\" rel=\"noopener\"><span style=\"font-weight: 400;\">STEM<\/span><\/a><span style=\"font-weight: 400;\"> education (science, technology, engineering, mathematics), especially for women and young people. This is key to bridging the skills gap and reducing social inequality in the job market.<\/span><\/p>\n<p><span style=\"font-weight: 400;\">Europe stands at a turning point: either reinforce the inequalities of today\u2014or build a labour market fit for tomorrow: more inclusive, more dynamic, and better suited to the realities of the digital age.<\/span><\/p>\n","protected":false},"excerpt":{"rendered":"<p>Europe\u2019s job market is sending mixed signals. On one hand, employment rates are rising and the post-pandemic economy is recovering. On the other, many sectors are desperately short of workers\u2014while others are overflowing with talent [&hellip;]<\/p>\n","protected":false},"author":158,"featured_media":42256,"comment_status":"closed","ping_status":"closed","sticky":false,"template":"","format":"standard","meta":{"_acf_changed":false,"footnotes":""},"categories":[698,702],"tags":[8198,8199,8200,8201,8202,8203,8204,8205,8206,8207,8208,8209,8210,8211,8212],"post_formats":[743],"coauthors":[3870],"class_list":["post-42270","post","type-post","status-publish","format-standard","has-post-thumbnail","hentry","category-aktuelle-angelegenheiten","category-technologie-de","tag-ageing-population-de","tag-automation-de","tag-digital-skills-de","tag-education-and-mobility-de","tag-eu-economy-de","tag-future-of-work-de","tag-gender-equality-de","tag-green-transition-de","tag-labour-market-de","tag-skills-gap-de","tag-social-inequality-de","tag-transport-sector-de","tag-vocational-training-de","tag-workforce-shortages-de","tag-youth-employment-de","post_formats-artikelserie-de"],"acf":[],"_links":{"self":[{"href":"https:\/\/www.pulse-z.eu\/de\/wp-json\/wp\/v2\/posts\/42270","targetHints":{"allow":["GET"]}}],"collection":[{"href":"https:\/\/www.pulse-z.eu\/de\/wp-json\/wp\/v2\/posts"}],"about":[{"href":"https:\/\/www.pulse-z.eu\/de\/wp-json\/wp\/v2\/types\/post"}],"author":[{"embeddable":true,"href":"https:\/\/www.pulse-z.eu\/de\/wp-json\/wp\/v2\/users\/158"}],"replies":[{"embeddable":true,"href":"https:\/\/www.pulse-z.eu\/de\/wp-json\/wp\/v2\/comments?post=42270"}],"version-history":[{"count":2,"href":"https:\/\/www.pulse-z.eu\/de\/wp-json\/wp\/v2\/posts\/42270\/revisions"}],"predecessor-version":[{"id":42272,"href":"https:\/\/www.pulse-z.eu\/de\/wp-json\/wp\/v2\/posts\/42270\/revisions\/42272"}],"wp:featuredmedia":[{"embeddable":true,"href":"https:\/\/www.pulse-z.eu\/de\/wp-json\/wp\/v2\/media\/42256"}],"wp:attachment":[{"href":"https:\/\/www.pulse-z.eu\/de\/wp-json\/wp\/v2\/media?parent=42270"}],"wp:term":[{"taxonomy":"category","embeddable":true,"href":"https:\/\/www.pulse-z.eu\/de\/wp-json\/wp\/v2\/categories?post=42270"},{"taxonomy":"post_tag","embeddable":true,"href":"https:\/\/www.pulse-z.eu\/de\/wp-json\/wp\/v2\/tags?post=42270"},{"taxonomy":"post_formats","embeddable":true,"href":"https:\/\/www.pulse-z.eu\/de\/wp-json\/wp\/v2\/post_formats?post=42270"},{"taxonomy":"author","embeddable":true,"href":"https:\/\/www.pulse-z.eu\/de\/wp-json\/wp\/v2\/coauthors?post=42270"}],"curies":[{"name":"wp","href":"https:\/\/api.w.org\/{rel}","templated":true}]}}