{"id":40826,"date":"2025-08-19T09:00:35","date_gmt":"2025-08-19T09:00:35","guid":{"rendered":"https:\/\/www.pulse-z.eu\/il-presidente-di-eumans-marco-cappato-eutanasia-e-aborto-nella-carta-dei-diritti-fondamentali-lue-si-dia-una-mossa\/"},"modified":"2025-08-19T09:01:04","modified_gmt":"2025-08-19T09:01:04","slug":"eumans-prasident-marco-cappato-euthanasie-und-abtreibung-sind-in-der-charta-der-grundrechte-verankert-die-eu-muss-sich-bewegen","status":"publish","type":"post","link":"https:\/\/www.pulse-z.eu\/de\/eumans-prasident-marco-cappato-euthanasie-und-abtreibung-sind-in-der-charta-der-grundrechte-verankert-die-eu-muss-sich-bewegen\/","title":{"rendered":"Eumans-Pr\u00e4sident Marco Cappato: \u201eEuthanasie und Abtreibung sind in der Charta der Grundrechte verankert. Die EU muss sich bewegen.\u201c"},"content":{"rendered":"\n<p>A marzo Bruxelles ha ospitato il terzo congresso di Eumans, il movimento paneuropeo di Marco Cappato incentrato sulla democrazia partecipativa. Tra le <a href=\"https:\/\/www.eumans.eu\/initiatives\/\" target=\"_blank\" rel=\"noopener\">iniziative lanciate<\/a> dal tesoriere dell&#8217;Associazione Luca Coscioni e presidente Eumans, un focus speciale \u00e8 stato dedicato alle assemblee civiche a cui potranno partecipare 100 cittadini estratti a sorte. Depenalizzare la cannabis, eutanasia e aborto nella Carta dei diritti fondamentali europei e adesione immediata dell&#8217;Ucraina all&#8217;Ue sono alcuni dei temi principali affrontati. Ne abbiamo parlato direttamente con il fondatore.<\/p>\n<p><em><strong>Ci pu\u00f2 spiegare brevemente in cosa consiste l\u2019iniziativa che avete promosso a Bruxelles?<\/strong><\/em><\/p>\n<p>Dal 6 all&#8217;8 marzo, a Bruxelles, il Movimento paneuropeo EUMANS tiene un Congresso per rafforzare la democrazia europea attraverso la partecipazione diretta dei cittadini anche lontano dalle elezioni. In particolare, abbiamo discusso di come potenziare le Iniziative dei Cittadini Europei (ICE), che consentono ai cittadini di proporre azioni legislative quando raccolgono un milione di firme da almeno 7 Paesi. Vogliamo rilanciare le Assemblee civiche estratte a sorte, nelle quali cittadini sorteggiati discutono e fanno proposte su temi che i partiti elettorali non riescono a affrontare.<\/p>\n<p><em><strong>Tra i temi centrali c\u2019\u00e8 quello dell\u2019eutanasia. Qual \u00e8 il vostro obiettivo?<\/strong><\/em><\/p>\n<p>Il nostro obiettivo \u00e8 quello di creare l\u2019Europa dei diritti civili, in particolare attraverso l\u2019inserimento \u00a0dell\u2019eutanasia e dell&#8217;aborto nella Carta dei diritti fondamentali dell\u2019Unione europea, e che sia riconosciuto in tutta Europa il valore delle Disposizioni Anticipate di Trattamento (testamento biologico).<\/p>\n<p><strong><em>Si \u00e8 parlato anche di depenalizzazione della cannabis. Perch\u00e9 l\u2019Ue \u00e8 ancora ferma?<\/em><\/strong><\/p>\n<p>Peggio che ferma: gli Stati europei sono spinti verso la criminalizzazione della cannabis attraverso i meccanismi di cooperazione giudiziaria e di polizia. La nostra proposta \u00e8 quella di modificare l\u2019approccio europeo: chiediamo che la cannabis venga esclusa dall&#8217;azione comune in materia penale dell&#8217;UE. Questo permetterebbe agli Stati membri di decidere liberamente e senza vincoli sulla regolamentazione legale della cannabis.\u00a0Inoltre, sosteniamo la necessit\u00e0 di promuovere l&#8217;accesso alla cannabis terapeutica basato su evidenze scientifiche e sulle esperienze dei pazienti. Oltre a garantire il diritto di accesso ai farmaci a base di cannabis, \u00e8 essenziale che l&#8217;UE permetta il trasporto transfrontaliero di questi farmaci tra i paesi membri, affinch\u00e9 i pazienti possano usufruirne ovunque si trovino.<\/p>\n<p><strong><em>Rilancerete anche la campagna per l\u2019adesione dell\u2019Ue all\u2019Ucraina. Qual \u00e8 il suo giudizio sul piano di difesa di von der Leyen?<\/em><\/strong><\/p>\n<p>Dopo l\u2019aggressione dell\u2019Ucraina da parte della Russia di Putin, \u00e8 fondamentale che l&#8217;Europa si schieri al fianco dell\u2019aggredito non solo con il supporto militare ma anche con l&#8217;integrazione politica e economica. Il piano di difesa presentato da Ursula von der Leyen \u00e8 un primo passo positivo in quanto mira a rispondere all\u2019emergenza per rafforzare la difesa dell\u2019Ucraina e la difesa collettiva dell&#8217;Europa dopo il disimpegno di Trump, ma crediamo che non sia sufficiente. Non si pu\u00f2 pensare che la soluzione al conflitto si basi solo su un aumento delle capacit\u00e0 militari. \u00c8 necessario lavorare parallelamente per la costruzione di una pace sostenibile fondata anche sulla promozione della democrazia e del diritto internazionale, difendendo l\u2019operato della Corte penale internazionale.<\/p>\n<p><strong><em>Sul fine vita in Italia il centrodestra guidato da Fratelli d\u2019Italia ha aperto a una legge nazionale con una prima bozza presentata ieri al Senato. Che ne pensa? \u00c8 un passo avanti?<\/em><\/strong><\/p>\n<p>\u00c8 importante che si inizi a discutere di una legislazione nazionale sul fine vita, ma, le proposte attuali sono purtroppo restrittive rispetto alla situazione attuale, visto che l\u2019aiuto alla morte volontaria \u00e8 gi\u00e0 stato legalizzato, in alcune circostanze, dalla Corte costituzionale. La proposta scelta come testo base \u00e8 restrittiva infatti, introducendo un criterio di sofferenza che deve essere sia contemporaneamente sia fisica che psicologica, al contrario di quanto previsto dalla Corte, e ponendo le cure palliative come trattamento sanitario obbligatorio per ricevere l\u2019aiuto alla morte volontaria.\u00a0Per noi dell\u2019Associazione Luca Coscioni una legge servirebbe per garantire l\u2019eutanasia legale contro l\u2019eutanasia clandestina. Il diritto ad essere aiutati a morire, anche attraverso l\u2019azione attiva del medico su richiesta del paziente, dovrebbe essere garantito a tutte le persone che si trovano in condizione di lucidit\u00e0, irreversibilit\u00e0 della malattia e insopportabilit\u00e0 della sofferenza.<\/p>\n","protected":false},"excerpt":{"rendered":"<p>A marzo Bruxelles ha ospitato il terzo congresso di Eumans, il movimento paneuropeo di Marco Cappato incentrato sulla democrazia partecipativa. Tra le iniziative lanciate dal tesoriere dell&#8217;Associazione Luca Coscioni e presidente Eumans, un focus speciale [&hellip;]<\/p>\n","protected":false},"author":173,"featured_media":29011,"comment_status":"closed","ping_status":"closed","sticky":false,"template":"","format":"standard","meta":{"_acf_changed":false,"footnotes":""},"categories":[698],"tags":[7363,7364,7365,7366,7367,7368,6898],"post_formats":[645],"coauthors":[3918],"class_list":["post-40826","post","type-post","status-publish","format-standard","has-post-thumbnail","hentry","category-aktuelle-angelegenheiten","tag-aborto-de","tag-carta-dei-diritti-fondamentali-de","tag-diritti-fondamentali-de","tag-eumans-de","tag-eutanasia-de","tag-marco-cappato-de","tag-ue-de","post_formats-artikel"],"acf":[],"_links":{"self":[{"href":"https:\/\/www.pulse-z.eu\/de\/wp-json\/wp\/v2\/posts\/40826","targetHints":{"allow":["GET"]}}],"collection":[{"href":"https:\/\/www.pulse-z.eu\/de\/wp-json\/wp\/v2\/posts"}],"about":[{"href":"https:\/\/www.pulse-z.eu\/de\/wp-json\/wp\/v2\/types\/post"}],"author":[{"embeddable":true,"href":"https:\/\/www.pulse-z.eu\/de\/wp-json\/wp\/v2\/users\/173"}],"replies":[{"embeddable":true,"href":"https:\/\/www.pulse-z.eu\/de\/wp-json\/wp\/v2\/comments?post=40826"}],"version-history":[{"count":7,"href":"https:\/\/www.pulse-z.eu\/de\/wp-json\/wp\/v2\/posts\/40826\/revisions"}],"predecessor-version":[{"id":40833,"href":"https:\/\/www.pulse-z.eu\/de\/wp-json\/wp\/v2\/posts\/40826\/revisions\/40833"}],"wp:featuredmedia":[{"embeddable":true,"href":"https:\/\/www.pulse-z.eu\/de\/wp-json\/wp\/v2\/media\/29011"}],"wp:attachment":[{"href":"https:\/\/www.pulse-z.eu\/de\/wp-json\/wp\/v2\/media?parent=40826"}],"wp:term":[{"taxonomy":"category","embeddable":true,"href":"https:\/\/www.pulse-z.eu\/de\/wp-json\/wp\/v2\/categories?post=40826"},{"taxonomy":"post_tag","embeddable":true,"href":"https:\/\/www.pulse-z.eu\/de\/wp-json\/wp\/v2\/tags?post=40826"},{"taxonomy":"post_formats","embeddable":true,"href":"https:\/\/www.pulse-z.eu\/de\/wp-json\/wp\/v2\/post_formats?post=40826"},{"taxonomy":"author","embeddable":true,"href":"https:\/\/www.pulse-z.eu\/de\/wp-json\/wp\/v2\/coauthors?post=40826"}],"curies":[{"name":"wp","href":"https:\/\/api.w.org\/{rel}","templated":true}]}}