{"id":40545,"date":"2025-08-07T08:01:08","date_gmt":"2025-08-07T08:01:08","guid":{"rendered":"https:\/\/www.pulse-z.eu\/la-prima-preoccupazione-degli-italiani-non-sono-piu-i-migranti-ma-il-costo-della-vita-il-sondaggio\/"},"modified":"2025-08-19T08:02:54","modified_gmt":"2025-08-19T08:02:54","slug":"die-hauptsorge-der-italiener-gilt-nicht-mehr-den-migranten-sondern-den-lebenshaltungskosten-die-umfrage","status":"publish","type":"post","link":"https:\/\/www.pulse-z.eu\/de\/die-hauptsorge-der-italiener-gilt-nicht-mehr-den-migranten-sondern-den-lebenshaltungskosten-die-umfrage\/","title":{"rendered":"Die Hauptsorge der Italiener gilt nicht mehr den Migranten, sondern den Lebenshaltungskosten: Die Umfrage"},"content":{"rendered":"\n<p>Articolo di Francesca Moriero \u2013 Giornalista Fanpage.it<\/p>\n<p>Il report rivela anche un crescente desiderio di un\u2019Ue pi\u00f9 forte.\u00a0<strong>L&#8217;Eurobarometro<\/strong>, pubblicato dal Parlamento Europeo, ha tracciato un quadro delle preoccupazioni dei cittadini europei, <a href=\"https:\/\/www.fanpage.it\/politica\/eurobarometro-il-70-degli-italiani-andra-a-votare-alle-europee-piu-della-meta-boccia-il-governo-meloni\/\" target=\"_blank\" rel=\"noopener\">rivelando una netta evoluzione nelle priorit\u00e0 rispetto al passato<\/a>. Fino a qualche anno fa, la questione dell&#8217;immigrazione sembrava essere una delle sfide pi\u00f9 urgenti per l&#8217;Unione Europea, ma oggi, con sorpresa, questo tema sembra aver perso centralit\u00e0. Le difficolt\u00e0 economiche, come <strong>l&#8217;inflazione, l&#8217;alto costo della vita e la creazione di nuovi posti di lavoro<\/strong>, sono ora emerse come le preoccupazioni principali per la maggior parte degli europei. Parallelamente, cresce il desiderio di vedere <strong>l&#8217;Unione Europea assumere un ruolo pi\u00f9 forte nella difesa e nella sicurezza<\/strong>, soprattutto in un contesto geopolitico sempre pi\u00f9 incerto e frammentato. Questo cambiamento di focus, che tocca la sicurezza, la competitivit\u00e0 e le priorit\u00e0 economiche, potrebbe segnare un momento cruciale per <a href=\"https:\/\/www.fanpage.it\/story\/crisi-russia-ucraina-cosa-succede-ultime-news\/\" target=\"_blank\" rel=\"noopener\">riflettere sulle sfide future che l&#8217;Europa dovr\u00e0 affrontare<\/a>.<\/p>\n<p>A questo si aggiunge che, tra i valori che i cittadini europei vorrebbero vedere difesi dal Parlamento europeo, ci sono la pace (45%), la democrazia (32%) e la tutela dei diritti umani nell&#8217;UE e nel mondo (22%).<\/p>\n<p> La mutata priorit\u00e0: dall&#8217;immigrazione alla sicurezza economica <\/p>\n<p>Negli ultimi anni, la <a href=\"https:\/\/www.fanpage.it\/story\/emergenza-immigrazione\/\" target=\"_blank\" rel=\"noopener\">questione della migrazione ha dominato il dibattito pubblico in Europa<\/a>, spesso al centro della retorica politica. Il recente Eurobarometro evidenzia per\u00f2 un cambiamento davvero significativo: secondo il sondaggio, solo il 13% degli italiani infatti considera questo tema tra le principali preoccupazioni, relegandolo addirittura all&#8217;ultimo posto. Le <strong>difficolt\u00e0 economiche e l&#8217;incremento dei costi sono invece percepiti come i problemi pi\u00f9 urgenti<\/strong>, con il 43% degli italiani che ritiene che l&#8217;Unione Europea debba concentrarsi principalmente proprio su questi temi. Anche a livello continentale, il quadro \u00e8 simile: l&#8217;inflazione e l&#8217;aumento dei prezzi sono le preoccupazioni principali per il 43% dei cittadini europei, seguite dalla lotta alla povert\u00e0 e dalla sicurezza dell&#8217;UE.<\/p>\n<p><img loading=\"lazy\" decoding=\"async\" class=\"wp-image-2650 aligncenter\" src=\"https:\/\/www.pulse-z.eu\/wp-content\/uploads\/2025\/05\/Screenshot-2025-05-06-alle-17.40.51.png\" alt=\"\" width=\"538\" height=\"371\" srcset=\"https:\/\/www.pulse-z.eu\/wp-content\/uploads\/2025\/05\/Screenshot-2025-05-06-alle-17.40.51.png 1050w, https:\/\/www.pulse-z.eu\/wp-content\/uploads\/2025\/05\/Screenshot-2025-05-06-alle-17.40.51-768x530.png 768w\" sizes=\"auto, (max-width: 538px) 100vw, 538px\" \/><\/p>\n<p> La sicurezza e la difesa: un appello a un&#8217;Europa pi\u00f9 forte <\/p>\n<p>Priorit\u00e0 fondamentali per il futuro dell&#8217;Europa sono ora <a href=\"https:\/\/www.fanpage.it\/politica\/cosa-hanno-deciso-i-leader-europei-sul-riarmo-e-qual-e-la-posizione-di-meloni\/\" target=\"_blank\" rel=\"noopener\">sicurezza e difesa<\/a>: il 74% dei cittadini ritiene che il proprio Paese tragga beneficio dall\u2019appartenenza all&#8217;UE; il 62% vorrebbe che il Parlamento europeo avesse un ruolo pi\u00f9 forte nella protezione dalle crisi globali e dai rischi per la sicurezza. Questo dato \u00e8 particolarmente significativo tra i giovani, che sembrano esprimere un crescente desiderio di una difesa comune pi\u00f9 solida e di una maggiore coesione tra gli Stati membri. \u00c8 evidente, dunque, come la geopolitica in evoluzione, con conflitti come quello in Ucraina e in Medio Oriente, abbia contribuito a spingere la sicurezza al centro delle preoccupazioni europee. Il 76% dei cittadini europei sostiene che l&#8217;UE abbia poi bisogno di pi\u00f9 risorse per rafforzare la propria capacit\u00e0 di risposta alle sfide globali: la richiesta di un&#8217;azione unita si fa sentire forte, con l&#8217;89% degli intervistati che afferma che gli Stati membri dovrebbero collaborare in modo pi\u00f9 compatto per affrontare le minacce comuni.<\/p>\n<p>&#8220;Due terzi degli europei vogliono che l&#8217;Ue svolga un ruolo pi\u00f9 importante nella loro protezione. Questa \u00e8 una chiara richiesta di azione a cui risponderemo. L&#8217;Europa deve essere pi\u00f9 forte affinch\u00e9 i nostri cittadini si sentano pi\u00f9 sicuri&#8221;, ha affermato la presidente del Parlamento europeo, Roberta Metsola: &#8220;Il Parlamento europeo garantir\u00e0 che ogni proposta avanzata sia abbastanza audace e ambiziosa da corrispondere al grave livello di minaccia che l&#8217;Europa deve affrontare. L&#8217;Europa deve farsi avanti oggi, o rischia di essere calpestata domani&#8221;.<\/p>\n<p><img loading=\"lazy\" decoding=\"async\" class=\"wp-image-2651 aligncenter\" src=\"https:\/\/www.pulse-z.eu\/wp-content\/uploads\/2025\/05\/Screenshot-2025-05-06-alle-17.42.57.png\" alt=\"\" width=\"495\" height=\"404\" srcset=\"https:\/\/www.pulse-z.eu\/wp-content\/uploads\/2025\/05\/Screenshot-2025-05-06-alle-17.42.57.png 1050w, https:\/\/www.pulse-z.eu\/wp-content\/uploads\/2025\/05\/Screenshot-2025-05-06-alle-17.42.57-768x628.png 768w\" sizes=\"auto, (max-width: 495px) 100vw, 495px\" \/><\/p>\n<h2>Le previsioni sul futuro: un clima di incertezza<\/h2>\n<p>Nonostante la crescente domanda di maggiore sicurezza e difesa, il <strong>futuro non appare roseo per la maggior parte degli europei<\/strong>. La domanda sul <strong>futuro dello standard di vita<\/strong> ha sollevato infatti preoccupazioni diffuse: il 33% degli intervistati prevede un peggioramento nelle condizioni di vita nei prossimi cinque anni: in particolare, Francia e Germania si distinguono per il pessimismo dei loro cittadini, con oltre met\u00e0 degli intervistati che si aspettano un futuro pi\u00f9 difficile; in Italia, tuttavia, solo l&#8217;11% dei cittadini prevede un futuro peggiore, con una larga maggioranza che considera immutato il proprio tenore di vita. Questo scenario di incertezza \u00e8 alimentato anche dalla percezione di una crescente difficolt\u00e0 economica e da un sentimento di fatalismo che sembra permeare l&#8217;opinione pubblica: sebbene l&#8217;Italia non emerga come il paese pi\u00f9 pessimista, il clima di preoccupazione \u00e8 ampiamente condiviso in tutta Europa.<\/p>\n<p><img loading=\"lazy\" decoding=\"async\" class=\"wp-image-2652 aligncenter\" src=\"https:\/\/www.pulse-z.eu\/wp-content\/uploads\/2025\/05\/Screenshot-2025-05-06-alle-17.44.53.png\" alt=\"\" width=\"583\" height=\"268\" srcset=\"https:\/\/www.pulse-z.eu\/wp-content\/uploads\/2025\/05\/Screenshot-2025-05-06-alle-17.44.53.png 1050w, https:\/\/www.pulse-z.eu\/wp-content\/uploads\/2025\/05\/Screenshot-2025-05-06-alle-17.44.53-768x353.png 768w\" sizes=\"auto, (max-width: 583px) 100vw, 583px\" \/><\/p>\n<h2>L&#8217;Unione Europea: una forza che deve crescere<\/h2>\n<p>Alla luce di questi cambiamenti, una domanda centrale emerge: come deve evolversi l&#8217;Unione Europea per affrontare le sfide future? La risposta sembra chiara. Un forte 66% dei cittadini sostiene che l&#8217;UE debba infatti assumere un ruolo pi\u00f9 forte, non solo nella difesa e sicurezza, ma anche <strong>nella gestione delle crisi economiche e nella creazione di opportunit\u00e0 di lavoro<\/strong>. La crescente richiesta di maggiori risorse per l&#8217;UE, poi, indica che gli europei sono pronti a sostenere politiche pi\u00f9 ambiziose, seppur a fronte di una realt\u00e0 economica difficile.<\/p>\n<p>&#8220;Il 74% degli europei afferma che il proprio paese trae vantaggio dall&#8217;appartenenza all&#8217;Ue, il pi\u00f9 alto sostegno registrato in 42 anni. Con la pace e la sicurezza al primo posto&#8221;, ha scritto su X (ex Twitter) Ursula von der Leyen, presidente della Commissione europea, commentando i risultati dell&#8217;ultimo Eurobarometro: &#8220;Il 66% desidera un ruolo pi\u00f9 importante per l&#8217;Europa nel proteggerli dalle crisi globali e dai rischi per la sicurezza. Vi ascoltiamo. E siamo pronti a fare la nostra parte&#8221;.<\/p>\n<p><a href=\"https:\/\/x.com\/vonderleyen\/status\/1904453874708332991?ref_src=twsrc%5Etfw%7Ctwcamp%5Etweetembed%7Ctwterm%5E1904453874708332991%7Ctwgr%5E9f960af584d5df18bd14711a0ec41ddff56d3dca%7Ctwcon%5Es1_&amp;ref_url=https%3A%2F%2Fwww.fanpage.it%2Fpolitica%2Fla-prima-preoccupazione-degli-italiani-non-sono-piu-i-migranti-ma-il-costo-della-vita-il-sondaggio%2F\">https:\/\/x.com\/vonderleyen\/status\/1904453874708332991?ref_src=twsrc%5Etfw%7Ctwcamp%5Etweetembed%7Ctwterm%5E1904453874708332991%7Ctwgr%5E9f960af584d5df18bd14711a0ec41ddff56d3dca%7Ctwcon%5Es1_&amp;ref_url=https%3A%2F%2Fwww.fanpage.it%2Fpolitica%2Fla-prima-preoccupazione-degli-italiani-non-sono-piu-i-migranti-ma-il-costo-della-vita-il-sondaggio%2F<\/a><\/p>\n<h2>Furore (M5s): &#8220;Eurobarometro conferma, cittadini vogliono la pace&#8221;<\/h2>\n<p>&#8220;I cittadini europei vogliono la pace e non una guerra infinita in Ucraina, cos\u00ec come in Medio Oriente. Al primo posto fra i valori da difendere c&#8217;\u00e8 infatti quello della pace, scelto dal 45% degli intervistati. I vari Ursula Von der Leyen, Giorgia Meloni, Friedrich Merz, Kaja Kallas che hanno scommesso sulla guerra e su una vittoria militare sul campo dell&#8217;Ucraina ascoltino di pi\u00f9 i cittadini e meno i lobbisti di armi come Guido Crosetto che, non a caso, prima di diventare Ministro della Difesa era Presidente dell&#8217;Aiad, la Confindustria di chi produce armi&#8221;, a scriverlo in una nota, l&#8217;europarlamentare del Movimento 5 Stelle <strong>Mario Furore<\/strong>, che ha poi aggiunto: &#8220;Altro dato rilevante del sondaggio \u00e8 quello che vede i cittadini europei sempre pi\u00f9 preoccupati per la situazione economica: ben il 33% di loro teme infatti un peggioramento del proprio tenore di vita. Pace e prosperit\u00e0 sono la nostra bussola e per difendere questi valori, sempre pi\u00f9 minacciati dalla Commissione europea e dal governo italiano&#8221;.<\/p>\n","protected":false},"excerpt":{"rendered":"<p>Articolo di Francesca Moriero \u2013 Giornalista Fanpage.it Il report rivela anche un crescente desiderio di un\u2019Ue pi\u00f9 forte.\u00a0L&#8217;Eurobarometro, pubblicato dal Parlamento Europeo, ha tracciato un quadro delle preoccupazioni dei cittadini europei, rivelando una netta evoluzione [&hellip;]<\/p>\n","protected":false},"author":173,"featured_media":28722,"comment_status":"closed","ping_status":"closed","sticky":false,"template":"","format":"standard","meta":{"_acf_changed":false,"footnotes":""},"categories":[698,703],"tags":[6896],"post_formats":[645],"coauthors":[3918],"class_list":["post-40545","post","type-post","status-publish","format-standard","has-post-thumbnail","hentry","category-aktuelle-angelegenheiten","category-jugend","tag-eurobarometro-de","post_formats-artikel"],"acf":[],"_links":{"self":[{"href":"https:\/\/www.pulse-z.eu\/de\/wp-json\/wp\/v2\/posts\/40545","targetHints":{"allow":["GET"]}}],"collection":[{"href":"https:\/\/www.pulse-z.eu\/de\/wp-json\/wp\/v2\/posts"}],"about":[{"href":"https:\/\/www.pulse-z.eu\/de\/wp-json\/wp\/v2\/types\/post"}],"author":[{"embeddable":true,"href":"https:\/\/www.pulse-z.eu\/de\/wp-json\/wp\/v2\/users\/173"}],"replies":[{"embeddable":true,"href":"https:\/\/www.pulse-z.eu\/de\/wp-json\/wp\/v2\/comments?post=40545"}],"version-history":[{"count":7,"href":"https:\/\/www.pulse-z.eu\/de\/wp-json\/wp\/v2\/posts\/40545\/revisions"}],"predecessor-version":[{"id":40552,"href":"https:\/\/www.pulse-z.eu\/de\/wp-json\/wp\/v2\/posts\/40545\/revisions\/40552"}],"wp:featuredmedia":[{"embeddable":true,"href":"https:\/\/www.pulse-z.eu\/de\/wp-json\/wp\/v2\/media\/28722"}],"wp:attachment":[{"href":"https:\/\/www.pulse-z.eu\/de\/wp-json\/wp\/v2\/media?parent=40545"}],"wp:term":[{"taxonomy":"category","embeddable":true,"href":"https:\/\/www.pulse-z.eu\/de\/wp-json\/wp\/v2\/categories?post=40545"},{"taxonomy":"post_tag","embeddable":true,"href":"https:\/\/www.pulse-z.eu\/de\/wp-json\/wp\/v2\/tags?post=40545"},{"taxonomy":"post_formats","embeddable":true,"href":"https:\/\/www.pulse-z.eu\/de\/wp-json\/wp\/v2\/post_formats?post=40545"},{"taxonomy":"author","embeddable":true,"href":"https:\/\/www.pulse-z.eu\/de\/wp-json\/wp\/v2\/coauthors?post=40545"}],"curies":[{"name":"wp","href":"https:\/\/api.w.org\/{rel}","templated":true}]}}