{"id":39978,"date":"2025-08-15T08:40:09","date_gmt":"2025-08-15T08:40:09","guid":{"rendered":"https:\/\/www.pulse-z.eu\/airplane-luggage-erasmus-e-scooters-and-gdpr-when-the-eu-enters-your-feed\/"},"modified":"2025-08-15T08:43:40","modified_gmt":"2025-08-15T08:43:40","slug":"fluggepack-erasmus-e-scooter-und-dsgvo-wenn-die-eu-in-ihren-feed-gelangt","status":"publish","type":"post","link":"https:\/\/www.pulse-z.eu\/de\/fluggepack-erasmus-e-scooter-und-dsgvo-wenn-die-eu-in-ihren-feed-gelangt\/","title":{"rendered":"Fluggep\u00e4ck, Erasmus, E-Scooter und DSGVO: Wenn die EU in Ihren Feed gelangt"},"content":{"rendered":"\n<p>In der neuesten Folge des PulseZ-Podcasts haben wir junge Menschen zun\u00e4chst gefragt, ob und wie sie die Auswirkungen der Entscheidungen der Europ\u00e4ischen Union auf ihr Leben wahrnehmen. Im zweiten Teil zeigt euch die Europaabgeordnete Lucia Yar, dass die Teilnahme an der EU \u2013 ob auf regionaler, nationaler oder supranationaler Ebene \u2013 nicht nur etwas f\u00fcr langweilige B\u00fcrokraten ist. Sie richtet sich an jeden, der etwas zu sagen hat und geh\u00f6rt werden m\u00f6chte.<\/p>\n<p> PulseZ bietet Inhalte, die jungen Menschen die M\u00f6glichkeit geben, Themen aus ihrer eigenen Perspektive zu betrachten \u2013 Themen, die ihnen am Herzen liegen. Und wenn Sie eine \u00e4hnliche Geschichte haben und erkannt haben, wie sich die EU-Gesetzgebung auf Ihr Leben ausgewirkt hat, k\u00f6nnen Sie sich gerne an uns wenden. Oder wenn Sie etwas Bestimmtes \u00fcber die EU interessiert, lassen Sie es uns wissen \u2013 vielleicht gehen wir Ihrer Frage in einer zuk\u00fcnftigen Folge nach.<\/p>\n","protected":false},"excerpt":{"rendered":"<p>In der neuesten Folge des PulseZ-Podcasts haben wir junge Menschen zun\u00e4chst gefragt, ob und wie sie die Auswirkungen der Entscheidungen der Europ\u00e4ischen Union auf ihr Leben wahrnehmen. Im zweiten Teil zeigt euch die Europaabgeordnete Lucia [&hellip;]<\/p>\n","protected":false},"author":459,"featured_media":0,"comment_status":"closed","ping_status":"closed","sticky":false,"template":"","format":"standard","meta":{"_acf_changed":false,"footnotes":""},"categories":[703],"tags":[7174,2320,877,1169,7175,7176,7177,7178,1749],"post_formats":[745],"coauthors":[7155],"class_list":["post-39978","post","type-post","status-publish","format-standard","hentry","category-jugend","tag-decisions-de","tag-erasmus-de","tag-eu-de","tag-european-union-de","tag-feed-de","tag-lucia-yar-de","tag-mep-de","tag-travelling-de","tag-youth-de","post_formats-podcast-de"],"acf":[],"_links":{"self":[{"href":"https:\/\/www.pulse-z.eu\/de\/wp-json\/wp\/v2\/posts\/39978","targetHints":{"allow":["GET"]}}],"collection":[{"href":"https:\/\/www.pulse-z.eu\/de\/wp-json\/wp\/v2\/posts"}],"about":[{"href":"https:\/\/www.pulse-z.eu\/de\/wp-json\/wp\/v2\/types\/post"}],"author":[{"embeddable":true,"href":"https:\/\/www.pulse-z.eu\/de\/wp-json\/wp\/v2\/users\/459"}],"replies":[{"embeddable":true,"href":"https:\/\/www.pulse-z.eu\/de\/wp-json\/wp\/v2\/comments?post=39978"}],"version-history":[{"count":8,"href":"https:\/\/www.pulse-z.eu\/de\/wp-json\/wp\/v2\/posts\/39978\/revisions"}],"predecessor-version":[{"id":40027,"href":"https:\/\/www.pulse-z.eu\/de\/wp-json\/wp\/v2\/posts\/39978\/revisions\/40027"}],"wp:attachment":[{"href":"https:\/\/www.pulse-z.eu\/de\/wp-json\/wp\/v2\/media?parent=39978"}],"wp:term":[{"taxonomy":"category","embeddable":true,"href":"https:\/\/www.pulse-z.eu\/de\/wp-json\/wp\/v2\/categories?post=39978"},{"taxonomy":"post_tag","embeddable":true,"href":"https:\/\/www.pulse-z.eu\/de\/wp-json\/wp\/v2\/tags?post=39978"},{"taxonomy":"post_formats","embeddable":true,"href":"https:\/\/www.pulse-z.eu\/de\/wp-json\/wp\/v2\/post_formats?post=39978"},{"taxonomy":"author","embeddable":true,"href":"https:\/\/www.pulse-z.eu\/de\/wp-json\/wp\/v2\/coauthors?post=39978"}],"curies":[{"name":"wp","href":"https:\/\/api.w.org\/{rel}","templated":true}]}}