{"id":32380,"date":"2025-07-16T10:04:48","date_gmt":"2025-07-16T10:04:48","guid":{"rendered":"https:\/\/www.pulse-z.eu\/tiktok-bans-skinnytok-worldwide-but-it-was-france-not-brussels-that-made-it-happen\/"},"modified":"2025-09-07T13:38:44","modified_gmt":"2025-09-07T13:38:44","slug":"tiktok-verbietet-skinnytok-weltweit-aber-frankreich-nicht-die-eu-hat-es-veranlasst","status":"publish","type":"post","link":"https:\/\/www.pulse-z.eu\/de\/tiktok-verbietet-skinnytok-weltweit-aber-frankreich-nicht-die-eu-hat-es-veranlasst\/","title":{"rendered":"TikTok verbietet #SkinnyTok weltweit \u2013 aber Frankreich, nicht die EU, hat es veranlasst"},"content":{"rendered":"<p> Ein Sieg f\u00fcr Frankreich im Kampf gegen sch\u00e4dliche Inhalte <\/p>\n<p><span style=\"font-weight: 400;\">Der Kampf gegen unrealistische und sch\u00e4dliche Sch\u00f6nheitsideale in den sozialen Medien hat gerade einen bedeutenden Sieg errungen. Der Hashtag #SkinnyTok erfreut sich vor allem bei Teenagern zunehmender Beliebtheit und f\u00f6rdert ungesunde Di\u00e4ttrends und tr\u00e4gt zu psychischen Problemen bei.<\/span><\/p>\n<p> <span style=\"font-weight: 400;\">Frankreich beschloss, nicht auf die EU zu warten. Stattdessen nahm es die Sache selbst in die Hand. Clara Chappaz, Frankreichs Digitalministerin, feierte TikToks Entscheidung als \u201ekollektiven Sieg\u201c und betonte die Notwendigkeit, junge Nutzer vor toxischen Inhalten zu sch\u00fctzen. Auf X (ehemals Twitter) ver\u00f6ffentlichte sie eine Erkl\u00e4rung, in der sie den Erfolg hervorhob.<\/span><\/p>\n<p> TikTok agiert global \u2013 nicht nur in Frankreich <\/p>\n<p><span style=\"font-weight: 400;\">Bemerkenswert ist, dass das Verbot von #SkinnyTok nicht auf Frankreich beschr\u00e4nkt ist. Ein TikTok-Sprecher best\u00e4tigte, dass der Hashtag weltweit gesperrt wurde, und erkl\u00e4rte, dies sei Teil einer umfassenderen \u00dcberpr\u00fcfung der Inhaltsmoderation und der Sicherheitstools. Laut der Plattform wurde der Hashtag \u201emit ungesunden Inhalten zum Thema Gewichtsverlust in Verbindung gebracht\u201c und verstie\u00df daher gegen die Community-Richtlinien.<\/span><\/p>\n<p> <span style=\"font-weight: 400;\">Dies ist ein weiteres Beispiel daf\u00fcr, wie der Druck nationaler Regierungen \u2013 nicht nur der EU-Institutionen \u2013 zunehmend die globalen Entscheidungen zur Inhaltsmoderation auf gro\u00dfen Plattformen beeinflusst. In diesem Fall handelte Frankreich schneller und entschlossener als die Europ\u00e4ische Kommission.<\/span><\/p>\n<h3><b>Die EU-Linke schaut von der Seitenlinie zu<\/b><\/h3>\n<p> Obwohl die Europ\u00e4ische Kommission im Februar 2024 auf Grundlage des <a href=\"https:\/\/eur-lex.europa.eu\/eli\/reg\/2022\/2065\/oj\/eng\" target=\"_blank\" rel=\"noopener\"><span style=\"font-weight: 400;\">Digital Services Act (DSA)<\/span><\/a> <span style=\"font-weight: 400;\">eine offizielle Untersuchung gegen TikTok eingeleitet hat<\/span> <span style=\"font-weight: 400;\">\u2013 mit Schwerpunkt auf dem Schutz Minderj\u00e4hriger \u2013 hat sie sich zum Fall #SkinnyTok nicht \u00f6ffentlich ge\u00e4u\u00dfert.<\/span><\/p>\n<p> <span style=\"font-weight: 400;\">Frankreich reagierte unterdessen rasch. Letzten Monat reiste Clara Chappaz pers\u00f6nlich zum europ\u00e4ischen Hauptsitz von TikTok in Dublin, um sich mit dem Trust and Safety-Team zu treffen. Begleitet wurde sie von hochrangigen franz\u00f6sischen Regulierungsbeh\u00f6rden, darunter Martin Ajdari (Chef<\/span> der Medienaufsichtsbeh\u00f6rde <a href=\"https:\/\/www.arcom.fr\/nous-connaitre-notre-institution\/gouvernance\/martin-ajdari\" target=\"_blank\" rel=\"noopener\"><span style=\"font-weight: 400;\">Arcom<\/span><\/a> <span style=\"font-weight: 400;\">) und Marie-Laure Denis (Pr\u00e4sidentin der<\/span> <span style=\"font-weight: 400;\">Datenschutzbeh\u00f6rde<\/span> <a href=\"https:\/\/cnil.fr\/fr\" target=\"_blank\" rel=\"noopener\"><span style=\"font-weight: 400;\">CNIL<\/span><\/a> ).<\/p>\n<p> <span style=\"font-weight: 400;\">Fehlt die Europ\u00e4ische Kommission am Tisch? Die einzige Stimme auf EU-Ebene im Raum war die franz\u00f6sische Europaabgeordnete St\u00e9phanie Yon-Courtin von der<\/span> Gruppe <a href=\"https:\/\/www.reneweuropegroup.eu\/our-parties\" target=\"_blank\" rel=\"noopener\"><span style=\"font-weight: 400;\">Renew Europe<\/span><\/a> <span style=\"font-weight: 400;\">.<\/span><\/p>\n<h3><b>Stellt Frankreich die Rolle der EU in Frage?<\/b><\/h3>\n<p> <span style=\"font-weight: 400;\">Die Abwesenheit der Kommission bei einem so wichtigen Treffen hat eine Debatte \u00fcber die Wirksamkeit der EU als wichtigste Durchsetzungsinstanz f\u00fcr die EU-Digitalvorschriften ausgel\u00f6st. Die Kommission erkl\u00e4rte zwar, sie stehe \u201ein Kontakt\u201c mit den franz\u00f6sischen Beh\u00f6rden, Kritiker argumentieren jedoch, ihre langsame Reaktion und mangelnde Sichtbarkeit k\u00f6nnten ihre Glaubw\u00fcrdigkeit untergraben.<\/span><\/p>\n<p> <span style=\"font-weight: 400;\">Diese Situation offenbart einen Wandel: Die Mitgliedstaaten warten nicht l\u00e4nger darauf, dass die EU handelt. Sie greifen ein, indem sie direkten politischen Druck aus\u00fcben und Plattformen wie TikTok zu globalen Ver\u00e4nderungen zwingen.<\/span><\/p>\n<h3><b>Schneller als das Gesetz?<\/b><\/h3>\n<p> <span style=\"font-weight: 400;\">Die Entscheidung von TikTok steht im Einklang mit einem wachsenden Trend, Plattformen f\u00fcr die von ihnen gehosteten Inhalte zur Verantwortung zu ziehen. Der Ansto\u00df kam jedoch nicht vom EU-Recht, sondern von der franz\u00f6sischen Diplomatie und nationalen Regulierungen.<\/span><\/p>\n<p> <span style=\"font-weight: 400;\">Dies wirft schwierige Fragen auf:<\/span><\/p>\n<ul>\n<li style=\"font-weight: 400;\" aria-level=\"1\"> <span style=\"font-weight: 400;\">K\u00f6nnen starke, schnelle nationale Ma\u00dfnahmen mit dem Ziel der EU einer koordinierten und harmonisierten Durchsetzung koexistieren?<\/span><span style=\"font-weight: 400;\"><br \/><\/span><\/li>\n<li style=\"font-weight: 400;\" aria-level=\"1\"> <span style=\"font-weight: 400;\">Handelt es sich dabei um einen einmaligen Erfolg oder um den Beginn einer fragmentierten Regulierungslandschaft in ganz Europa?<\/span><span style=\"font-weight: 400;\"><br \/><\/span><\/li>\n<\/ul>\n<p> <span style=\"font-weight: 400;\">Der Fall stellt einen Pr\u00e4zedenzfall dar. Er zeigt, dass nationale Regierungen unter bestimmten Umst\u00e4nden einen echten, globalen Wandel schneller erzwingen k\u00f6nnen als Mechanismen auf EU-Ebene.<\/span><\/p>\n<h3><b>Ist #SkinnyTok nur der Anfang?<\/b><\/h3>\n<p> <span style=\"font-weight: 400;\">Das Verbot von #SkinnyTok k\u00f6nnte nur der Anfang einer umfassenderen S\u00e4uberung toxischer Inhalte auf sozialen Plattformen sein. F\u00fcr TikTok ist es eine Chance zu zeigen, dass es sich an reale Probleme anpassen und proaktiv auf die Erwartungen der Regulierungsbeh\u00f6rden reagieren kann.<\/span><\/p>\n<p> <span style=\"font-weight: 400;\">F\u00fcr Frankreich ist dies ein politischer Sieg \u2013 ein Signal, dass es dem Land mit dem Schutz der psychischen Gesundheit junger Nutzer ernst ist.<\/span><\/p>\n<p> <span style=\"font-weight: 400;\">F\u00fcr die Europ\u00e4ische Kommission ist dies ein Weckruf. In einer sich schnell entwickelnden digitalen Welt bedeutet die Rolle der H\u00fcterin der Regeln auch, schnell und sichtbar handeln zu k\u00f6nnen.<\/span><\/p>\n<h3><b>Eine gr\u00f6\u00dfere Frage: Wer hat wirklich das Sagen?<\/b><\/h3>\n<p> <span style=\"font-weight: 400;\">TikTok hat #SkinnyTok zwar verboten, doch die Debatte dar\u00fcber ist noch lange nicht vorbei. Dieser Moment verdeutlicht eine zunehmende Machtverschiebung. Hat die EU bei der Regulierung von Big Tech noch die Nase vorn \u2013 oder \u00fcbernehmen die nationalen Regierungen das Steuer?<\/span><\/p>\n<p> <span style=\"font-weight: 400;\">Die Antwort wird die Zukunft der digitalen Rechte, der Plattformverantwortung und der Rolle der EU in einer fragmentierten digitalen Landschaft pr\u00e4gen.<\/span><\/p>\n","protected":false},"excerpt":{"rendered":"<p>Ein Sieg f\u00fcr Frankreich im Kampf gegen sch\u00e4dliche Inhalte Der Kampf gegen unrealistische und sch\u00e4dliche Sch\u00f6nheitsideale in den sozialen Medien hat gerade einen bedeutenden Sieg errungen. Der Hashtag #SkinnyTok erfreut sich vor allem bei Teenagern [&hellip;]<\/p>\n","protected":false},"author":158,"featured_media":29756,"comment_status":"closed","ping_status":"closed","sticky":false,"template":"","format":"standard","meta":{"_acf_changed":false,"footnotes":""},"categories":[698],"tags":[4918,4919,2466,4920,1790,3367,4921,2470,4922,2472,2474,4923,4165,2479,1749],"post_formats":[743],"coauthors":[3870],"class_list":["post-32380","post","type-post","status-publish","format-standard","has-post-thumbnail","hentry","category-aktuelle-angelegenheiten","tag-content-moderation-de","tag-digital-regulation-de","tag-digital-services-act-de","tag-eu-politics-de","tag-european-commission-de","tag-france-de","tag-harmful-content-de","tag-media-literacy-de","tag-mental-health-de","tag-online-safety-de","tag-platform-accountability-de","tag-skinnytok-de","tag-social-media-de","tag-tiktok-de","tag-youth-de","post_formats-artikelserie-de"],"acf":[],"_links":{"self":[{"href":"https:\/\/www.pulse-z.eu\/de\/wp-json\/wp\/v2\/posts\/32380","targetHints":{"allow":["GET"]}}],"collection":[{"href":"https:\/\/www.pulse-z.eu\/de\/wp-json\/wp\/v2\/posts"}],"about":[{"href":"https:\/\/www.pulse-z.eu\/de\/wp-json\/wp\/v2\/types\/post"}],"author":[{"embeddable":true,"href":"https:\/\/www.pulse-z.eu\/de\/wp-json\/wp\/v2\/users\/158"}],"replies":[{"embeddable":true,"href":"https:\/\/www.pulse-z.eu\/de\/wp-json\/wp\/v2\/comments?post=32380"}],"version-history":[{"count":4,"href":"https:\/\/www.pulse-z.eu\/de\/wp-json\/wp\/v2\/posts\/32380\/revisions"}],"predecessor-version":[{"id":44931,"href":"https:\/\/www.pulse-z.eu\/de\/wp-json\/wp\/v2\/posts\/32380\/revisions\/44931"}],"wp:featuredmedia":[{"embeddable":true,"href":"https:\/\/www.pulse-z.eu\/de\/wp-json\/wp\/v2\/media\/29756"}],"wp:attachment":[{"href":"https:\/\/www.pulse-z.eu\/de\/wp-json\/wp\/v2\/media?parent=32380"}],"wp:term":[{"taxonomy":"category","embeddable":true,"href":"https:\/\/www.pulse-z.eu\/de\/wp-json\/wp\/v2\/categories?post=32380"},{"taxonomy":"post_tag","embeddable":true,"href":"https:\/\/www.pulse-z.eu\/de\/wp-json\/wp\/v2\/tags?post=32380"},{"taxonomy":"post_formats","embeddable":true,"href":"https:\/\/www.pulse-z.eu\/de\/wp-json\/wp\/v2\/post_formats?post=32380"},{"taxonomy":"author","embeddable":true,"href":"https:\/\/www.pulse-z.eu\/de\/wp-json\/wp\/v2\/coauthors?post=32380"}],"curies":[{"name":"wp","href":"https:\/\/api.w.org\/{rel}","templated":true}]}}