{"id":27730,"date":"2025-06-27T17:52:13","date_gmt":"2025-06-27T17:52:13","guid":{"rendered":"https:\/\/www.pulse-z.eu\/power-play-in-the-hague-nato-goes-all-in\/"},"modified":"2025-06-27T17:56:51","modified_gmt":"2025-06-27T17:56:51","slug":"machtspiel-in-den-haag-die-nato-geht-aufs-ganze","status":"publish","type":"post","link":"https:\/\/www.pulse-z.eu\/de\/machtspiel-in-den-haag-die-nato-geht-aufs-ganze\/","title":{"rendered":"Machtspiel in Den Haag: Die Nato geht aufs Ganze"},"content":{"rendered":"\n<div id=\"attachment_27508\" style=\"width: 160px\" class=\"wp-caption alignnone\"><img aria-describedby=\"caption-attachment-27508\" loading=\"lazy\" decoding=\"async\" class=\"wp-image-27508 size-thumbnail\" src=\"https:\/\/www.pulse-z.eu\/wp-content\/uploads\/2025\/06\/250625d-001-150x150.jpg\" alt=\"\" width=\"150\" height=\"150\" \/><\/p>\n<p id=\"caption-attachment-27508\" class=\"wp-caption-text\"> NATO-Generalsekret\u00e4r Mark Rutte und die Staats- und Regierungschefs der NATO, Quelle: NATO<\/p>\n<\/div>\n<p> <span style=\"font-weight: 400;\">Was war das Wichtigste, das Sie \u00fcber den NATO-Gipfel in Den Haag am 24. und 25. Juni geh\u00f6rt haben? War es die Einigung der Staats- und Regierungschefs der NATO-Staaten auf eine Erh\u00f6hung des Verteidigungshaushalts auf 5 Prozent? Oder waren es die extremen Sicherheitsma\u00dfnahmen unter dem Spitznamen<\/span> <a href=\"https:\/\/www.reuters.com\/world\/dutch-launch-operation-orange-shield-keep-nato-summit-safe-2025-06-20\/\" target=\"_blank\" rel=\"noopener\"><span style=\"font-weight: 400;\">\u201eOrange Shield\u201c<\/span><\/a> <span style=\"font-weight: 400;\">, die dazu f\u00fchrten, dass ganze Stadtteile abgeriegelt wurden \u2013 die<\/span> <a href=\"https:\/\/www.dutchnews.nl\/2025\/06\/nato-summit-will-stretch-dutch-logistical-capacity-to-the-limit\/\" target=\"_blank\" rel=\"noopener\"><span style=\"font-weight: 400;\">gr\u00f6\u00dfte<\/span><\/a> <span style=\"font-weight: 400;\">Sicherheitsaktion in der niederl\u00e4ndischen Geschichte?<\/span><\/p>\n<p> <span style=\"font-weight: 400;\">Die Staats- und Regierungschefs aller 32 NATO-Staaten waren anwesend, darunter auch Vertreter der Ukraine und Pr\u00e4sident Selenskyj. Der niederl\u00e4ndische K\u00f6nig Willem-Alexander und K\u00f6nigin M\u00e1xima<\/span> <a href=\"https:\/\/www.nato.int\/cps\/en\/natohq\/news_236516.htm\" target=\"_blank\" rel=\"noopener\"><span style=\"font-weight: 400;\">luden<\/span><\/a> <span style=\"font-weight: 400;\">die Staats- und Regierungschefs zu einem geselligen Abendessen ein. Im Rahmen des zweit\u00e4gigen Arbeitsprogramms hielten die NATO-Verteidigungsminister zeitgleich ein Arbeitsessen ab.<\/span><\/p>\n<h3> <b>Die Verteidigungsausgaben steigen<\/b><\/h3>\n<p> <span style=\"font-weight: 400;\">Das wichtigste Ergebnis ist die Erh\u00f6hung des Verteidigungshaushalts auf 5 % des BIP bis 2035. Die Mitgliedsl\u00e4nder m\u00fcssen nun j\u00e4hrliche Pl\u00e4ne erstellen, wie sie dieses Ziel mit einem realistischen Ansatz erreichen wollen. Derzeit<\/span> <a href=\"https:\/\/dennikn.sk\/4713886\/k-trumpovi-sa-na-samite-spravali-ako-ku-kralovi-ako-jediny-spal-v-palaci-rutte-mu-pochleboval\/?rtm_click=ed3a7337&amp;rtm_source=daily_digest&amp;rtm_medium=email&amp;rtm_campaign=daily_minute_26062025&amp;rtm_content=311081\" target=\"_blank\" rel=\"noopener\"><span style=\"font-weight: 400;\">kommt keines der Mitgliedsl\u00e4nder<\/span><\/a> <span style=\"font-weight: 400;\">diesem Ziel auch nur nahe. Polen kommt dem am n\u00e4chsten und plant, den Anteil seiner Verteidigungsausgaben am BIP auf<\/span> <a href=\"https:\/\/www.euronews.com\/my-europe\/2025\/02\/05\/polands-president-vows-to-spend-47-of-gdp-on-defence-this-year\" target=\"_blank\" rel=\"noopener\"><span style=\"font-weight: 400;\">4,7 %<\/span><\/a> zu erh\u00f6hen <span style=\"font-weight: 400;\">. Der polnische Pr\u00e4sident Donald Tusk<\/span> <a href=\"https:\/\/www.euronews.com\/my-europe\/2025\/02\/05\/polands-president-vows-to-spend-47-of-gdp-on-defence-this-year\" target=\"_blank\" rel=\"noopener\"><span style=\"font-weight: 400;\">erkl\u00e4rte,<\/span><\/a> <span style=\"font-weight: 400;\">die Ostflanke m\u00fcsse gest\u00e4rkt werden, um als erste Schutzlinie Europas gegen die russische Aggression zu dienen.<\/span><\/p>\n<p> Das Ziel von 5 Prozent besteht darin, <a href=\"https:\/\/www.government.nl\/topics\/nato-summit-2025\/news\/2025\/06\/26\/conclusion-nato-summit\" target=\"_blank\" rel=\"noopener\"><span style=\"font-weight: 400;\">3,5 Prozent f\u00fcr das Milit\u00e4r und 1,5 Prozent<\/span><\/a> f\u00fcr Infrastruktur im Zusammenhang mit Verteidigung, Cybersicherheit oder medizinischen Einrichtungen <span style=\"font-weight: 400;\">aufzuteilen<\/span> <span style=\"font-weight: 400;\">. Die europ\u00e4ischen Verb\u00fcndeten hoffen, dass dieser Schritt Donald Trump und seine Drohungen, die europ\u00e4ische Verteidigungsunterst\u00fctzung einzustellen, bes\u00e4nftigt.<\/span><\/p>\n<p> <span style=\"font-weight: 400;\">Wer ist der gr\u00f6\u00dfte Verursacher der Unterausgaben in der NATO? Dieses Jahr ist es Spanien und sein Premierminister Pedro S\u00e1nchez, der<\/span> <a href=\"https:\/\/www.politico.eu\/article\/spain-nato-canada-defense-target-spending-gdp\/\" target=\"_blank\" rel=\"noopener\"><span style=\"font-weight: 400;\">erkl\u00e4rte<\/span><\/a> <span style=\"font-weight: 400;\">, sein Land brauche die Haushaltserh\u00f6hung um 5 Prozent des BIP nicht. Er<\/span> <a href=\"https:\/\/www.ft.com\/content\/5908b7ed-d971-4bde-9458-3d3193f456fe\" target=\"_blank\" rel=\"noopener\"><span style=\"font-weight: 400;\">dankte<\/span><\/a> <span style=\"font-weight: 400;\">den Verb\u00fcndeten f\u00fcr die Achtung der spanischen Souver\u00e4nit\u00e4t, indem sie ihm die M\u00f6glichkeit gaben, von der Entscheidung abzuweichen. Zweiter Gegner der NATO-Entscheidung ist die Slowakei, die<\/span> <a href=\"https:\/\/www.politico.eu\/article\/spain-nato-canada-defense-target-spending-gdp\/\" target=\"_blank\" rel=\"noopener\"><span style=\"font-weight: 400;\">erkl\u00e4rte,<\/span><\/a> <span style=\"font-weight: 400;\">ihr Land habe andere Priorit\u00e4ten.<\/span><\/p>\n<p> <span style=\"font-weight: 400;\">S\u00e1nchez<\/span> <a href=\"https:\/\/www.lemonde.fr\/en\/international\/article\/2025\/06\/26\/spain-pm-accuses-israel-of-genocide-in-gaza-as-65-more-killed_6742755_4.html\" target=\"_blank\" rel=\"noopener\"><span style=\"font-weight: 400;\">bezeichnete<\/span><\/a> <span style=\"font-weight: 400;\">den Krieg in Gaza als V\u00f6lkermord und war damit der rangh\u00f6chste EU-Beamte \u00fcberhaupt. Dies geschah nach einem EU-Bericht \u00fcber Israels Menschenrechtsverletzungen. Er<\/span> <a href=\"https:\/\/www.dw.com\/en\/double-standards-spain-slams-eu-inaction-on-israel-deal\/a-73055177\" target=\"_blank\" rel=\"noopener\"><span style=\"font-weight: 400;\">kritisierte<\/span><\/a> <span style=\"font-weight: 400;\">seine EU-Kollegen scharf daf\u00fcr, das Handelsabkommen mit Israel nicht auszusetzen.<\/span><\/p>\n<p> <span style=\"font-weight: 400;\">Der Gipfel bekr\u00e4ftigte zudem<\/span> <a href=\"https:\/\/www.nato.int\/cps\/eu\/natohq\/official_texts_17120.htm\" target=\"_blank\" rel=\"noopener\"><span style=\"font-weight: 400;\">Artikel 5<\/span><\/a> <span style=\"font-weight: 400;\">der Washingtoner Erkl\u00e4rung, wonach ein Angriff auf ein Mitglied ein Angriff auf alle ist. Die<\/span> <a href=\"https:\/\/www.nato.int\/cps\/en\/natohq\/official_texts_236705.htm\" target=\"_blank\" rel=\"noopener\"><span style=\"font-weight: 400;\">Gipfelerkl\u00e4rung<\/span><\/a> <a href=\"https:\/\/dennikn.sk\/minuta\/4714036\/?rtm_click=7a4071ad&amp;rtm_source=daily_digest&amp;rtm_medium=email&amp;rtm_campaign=daily_minute_26062025&amp;rtm_content=311081\" target=\"_blank\" rel=\"noopener\"><span style=\"font-weight: 400;\">verspricht<\/span><\/a> <span style=\"font-weight: 400;\">der<\/span> <span style=\"font-weight: 400;\">Ukraine weitere Unterst\u00fctzung, bezeichnet Russland jedoch nicht direkt als Aggressor.<\/span><\/p>\n<h3> <b>Operation Orange Shield<\/b><\/h3>\n<p> <span style=\"font-weight: 400;\">Die Niederlande setzten alles daran,<\/span> <span style=\"font-weight: 400;\">die nach Den Haag kommenden Staats- und Regierungschefs<\/span> <a href=\"https:\/\/www.reuters.com\/world\/dutch-launch-operation-orange-shield-keep-nato-summit-safe-2025-06-20\/\" target=\"_blank\" rel=\"noopener\"><span style=\"font-weight: 400;\">mit Kampfhubschraubern, Seepatrouillen, Bombenr\u00e4umkommandos, Luftabwehrsystemen und \u00fcber 10.000 Milit\u00e4rpolizisten<\/span><\/a> zu sch\u00fctzen. Im Umkreis von etwa f\u00fcnf Kilometern um den Gipfel wurden Z\u00e4une <a href=\"https:\/\/www.euronews.com\/my-europe\/2025\/06\/24\/fences-drones-and-roadblocks-how-the-hague-ramped-up-security-for-nato-summit\" target=\"_blank\" rel=\"noopener\"><span style=\"font-weight: 400;\">errichtet<\/span><\/a> <span style=\"font-weight: 400;\">, und Fl\u00fcge im Umkreis von 16 Kilometern um Den Haag wurden umgeleitet. WLAN gab es nicht; der gesamte Gipfel wurde \u00fcber eine Kabelverbindung im gesamten Gel\u00e4nde abgewickelt.<\/span><\/p>\n<h3> <b>Alle Augen auf Trump<\/b><\/h3>\n<p> <span style=\"font-weight: 400;\">Das wichtigste Treffen der NATO-Staats- und Regierungschefs wurde angeblich verk\u00fcrzt, weil der US-Pr\u00e4sident lange Sitzungen nicht mag.<\/span> <a href=\"https:\/\/www.lemonde.fr\/idees\/article\/2025\/06\/25\/jusqu-ou-faut-il-aller-pour-menager-donald-trump-qui-ne-fait-aucun-mystere-de-son-dedain-pour-les-europeens_6615716_3232.html\" target=\"_blank\" rel=\"noopener\"><i><span style=\"font-weight: 400;\">Le Monde<\/span><\/i><\/a> <span style=\"font-weight: 400;\">warf den Organisatoren vor, alles so geplant zu haben, dass Donald Trump keinen Skandal verursacht. Ein weiterer \u201eviraler\u201c Moment des Gipfels ereignete sich bereits vor Trumps Landung, als er Botschaften des NATO-Generalsekret\u00e4rs und ehemaligen niederl\u00e4ndischen Ministerpr\u00e4sidenten Mark Rutte ver\u00f6ffentlichte. Sehen Sie sich die Botschaft unten selbst an.<\/span> <\/p>\n<p><img loading=\"lazy\" decoding=\"async\" class=\"alignnone size-full wp-image-27516\" src=\"https:\/\/www.pulse-z.eu\/wp-content\/uploads\/2025\/06\/Screenshot-2025-06-26-172938.png\" alt=\"\" width=\"643\" height=\"364\" \/><\/p>\n<p> <span style=\"font-weight: 400;\">Quelle:<\/span> <a href=\"https:\/\/www.zdfheute.de\/politik\/ausland\/nato-gipfel-trump-rutte-sms-100.html\" target=\"_blank\" rel=\"noopener\"><span style=\"font-weight: 400;\">Truth Social<\/span><\/a><\/p>\n<h3> <b>Was kommt jetzt?<\/b><\/h3>\n<h3> <span style=\"font-weight: 400;\">Wie der Guardian<\/span><a href=\"https:\/\/www.theguardian.com\/commentisfree\/2025\/jun\/26\/trump-the-hague-nato-europe-defence\" target=\"_blank\" rel=\"noopener\"><span style=\"font-weight: 400;\">berichtete<\/span><\/a> <span style=\"font-weight: 400;\">, ist ein neues goldenes Zeitalter der NATO unm\u00f6glich, zumindest nicht unter Donald Trump an der Macht. Insgesamt gibt es zu wenig Fortschritte bei den wirklichen Problemen. Allen voran die Ukraine, deren Bedarf an Milit\u00e4rhilfe von keinem anderen Land als den USA gedeckt werden kann. Ist das 5-Prozent-Ziel realistisch? Wird Donald Trump seinen eigenen Weg gehen und alle Sicherheitsgarantien mitnehmen? Mal sehen, wie viel sich bis zum n\u00e4chsten NATO-Gipfel im n\u00e4chsten Jahr in der T\u00fcrkei \u00e4ndert.<\/span><\/h3>\n","protected":false},"excerpt":{"rendered":"<p>NATO-Generalsekret\u00e4r Mark Rutte und die Staats- und Regierungschefs der NATO, Quelle: NATO Was war das Wichtigste, das Sie \u00fcber den NATO-Gipfel in Den Haag am 24. und 25. Juni geh\u00f6rt haben? War es die Einigung [&hellip;]<\/p>\n","protected":false},"author":356,"featured_media":27511,"comment_status":"closed","ping_status":"closed","sticky":false,"template":"","format":"standard","meta":{"_acf_changed":false,"footnotes":""},"categories":[698],"tags":[3613,1322,3614,3615,3616,3617,1747,3618,3619,2728,3265,920,3620],"post_formats":[645],"coauthors":[],"class_list":["post-27730","post","type-post","status-publish","format-standard","has-post-thumbnail","hentry","category-aktuelle-angelegenheiten","tag-budget-de","tag-defense-de","tag-gdp-de","tag-geopolitics-de","tag-leaders-de","tag-nato-de","tag-politics-de","tag-rutte-de","tag-spending-de","tag-summit-de","tag-trump-de","tag-ukraine-de","tag-war-de","post_formats-artikel"],"acf":[],"_links":{"self":[{"href":"https:\/\/www.pulse-z.eu\/de\/wp-json\/wp\/v2\/posts\/27730","targetHints":{"allow":["GET"]}}],"collection":[{"href":"https:\/\/www.pulse-z.eu\/de\/wp-json\/wp\/v2\/posts"}],"about":[{"href":"https:\/\/www.pulse-z.eu\/de\/wp-json\/wp\/v2\/types\/post"}],"author":[{"embeddable":true,"href":"https:\/\/www.pulse-z.eu\/de\/wp-json\/wp\/v2\/users\/356"}],"replies":[{"embeddable":true,"href":"https:\/\/www.pulse-z.eu\/de\/wp-json\/wp\/v2\/comments?post=27730"}],"version-history":[{"count":14,"href":"https:\/\/www.pulse-z.eu\/de\/wp-json\/wp\/v2\/posts\/27730\/revisions"}],"predecessor-version":[{"id":27809,"href":"https:\/\/www.pulse-z.eu\/de\/wp-json\/wp\/v2\/posts\/27730\/revisions\/27809"}],"wp:featuredmedia":[{"embeddable":true,"href":"https:\/\/www.pulse-z.eu\/de\/wp-json\/wp\/v2\/media\/27511"}],"wp:attachment":[{"href":"https:\/\/www.pulse-z.eu\/de\/wp-json\/wp\/v2\/media?parent=27730"}],"wp:term":[{"taxonomy":"category","embeddable":true,"href":"https:\/\/www.pulse-z.eu\/de\/wp-json\/wp\/v2\/categories?post=27730"},{"taxonomy":"post_tag","embeddable":true,"href":"https:\/\/www.pulse-z.eu\/de\/wp-json\/wp\/v2\/tags?post=27730"},{"taxonomy":"post_formats","embeddable":true,"href":"https:\/\/www.pulse-z.eu\/de\/wp-json\/wp\/v2\/post_formats?post=27730"},{"taxonomy":"author","embeddable":true,"href":"https:\/\/www.pulse-z.eu\/de\/wp-json\/wp\/v2\/coauthors?post=27730"}],"curies":[{"name":"wp","href":"https:\/\/api.w.org\/{rel}","templated":true}]}}