{"id":27554,"date":"2025-06-26T17:38:41","date_gmt":"2025-06-26T17:38:41","guid":{"rendered":"https:\/\/www.pulse-z.eu\/editorial-article-2-new-formats-new-voices-and-a-new-phase-of-engagement\/"},"modified":"2025-06-26T18:58:24","modified_gmt":"2025-06-26T18:58:24","slug":"leitartikel-nr-2-neue-formate-neue-stimmen-und-eine-neue-phase-des-engagements","status":"publish","type":"post","link":"https:\/\/www.pulse-z.eu\/de\/leitartikel-nr-2-neue-formate-neue-stimmen-und-eine-neue-phase-des-engagements\/","title":{"rendered":"Leitartikel Nr. 2 \u2013 Neue Formate, neue Stimmen und eine neue Phase des Engagements"},"content":{"rendered":"\n<div id=\"attachment_27599\" style=\"width: 1180px\" class=\"wp-caption alignleft\"><img aria-describedby=\"caption-attachment-27599\" loading=\"lazy\" decoding=\"async\" class=\"size-full wp-image-27599\" src=\"https:\/\/www.pulse-z.eu\/wp-content\/uploads\/2025\/06\/IMG_9490.jpg\" alt=\"\" width=\"1170\" height=\"811\" srcset=\"https:\/\/www.pulse-z.eu\/wp-content\/uploads\/2025\/06\/IMG_9490.jpg 1170w, https:\/\/www.pulse-z.eu\/wp-content\/uploads\/2025\/06\/IMG_9490-768x532.jpg 768w\" sizes=\"auto, (max-width: 1170px) 100vw, 1170px\" \/><\/p>\n<p id=\"caption-attachment-27599\" class=\"wp-caption-text\"> Sel\u00e7uk Demirel \u2013 Schach<\/p>\n<\/div>\n<p> <span style=\"font-weight: 400;\">Liebe Leserinnen und Leser,<\/span><\/p>\n<p> <span style=\"font-weight: 400;\">Europa befindet sich mitten in einer weiteren Krise, bevor die vorherige \u00fcberhaupt gel\u00f6st ist. W\u00e4hrend Russlands Invasion in der Ukraine weitergeht und die Hoffnung auf Frieden in Ungewissheit schwindet, destabilisieren gro\u00df angelegte Angriffe zwischen Israel und dem Iran die Region und damit auch Europa weiter. In der heutigen vernetzten Welt und der sich wandelnden geopolitischen Landschaft sind isolierte Krisen selten geworden. Stattdessen erleben wir eine Kaskade von Ereignissen, bei der ein Konflikt den n\u00e4chsten ausl\u00f6st. Europa kann es sich daher nicht l\u00e4nger leisten, seine Energie nach innen zu richten.<\/span><\/p>\n<p> <span style=\"font-weight: 400;\">In diesen turbulenten Zeiten ist es entscheidend, die Ereignisse nicht in Schwarz-Wei\u00df-Kategorien zu betrachten. Die Ber\u00fccksichtigung der Grauzonen erm\u00f6glicht es uns, Komplexit\u00e4t und Nuancen zu erkennen. Bei PulseZ setzen wir uns daf\u00fcr ein, diesen Pluralismus zu verst\u00e4rken und Europas vielf\u00e4ltige Stimmen, Perspektiven und Energien durch frische und innovative Formate hervorzuheben.<\/span><\/p>\n<p> <span style=\"font-weight: 400;\">Ab diesem Monat erweitern wir unser Multimedia-Angebot. Es erwarten Sie mehr Videos, Podcasts und spielerische Inhalte.<\/span><\/p>\n<p> <span style=\"font-weight: 400;\">Inklusivit\u00e4t ist seit jeher eines unserer Grundprinzipien. Doch was bedeutet das in der Praxis? Wir schaffen einen Raum f\u00fcr diejenigen, die sich vielleicht nicht so wohl dabei f\u00fchlen, sich auf Englisch auszudr\u00fccken, aber dennoch wichtige Geschichten zu erz\u00e4hlen haben. Jetzt kann jeder Originalinhalte in mehreren Sprachen lesen und beitragen, wodurch PulseZ noch n\u00e4her an die Menschen heranr\u00fcckt, denen es dienen soll. Dank des enormen Einsatzes unseres Teams ist die #PulseZ-Plattform nun neben Englisch in sieben weiteren Sprachen verf\u00fcgbar: Rum\u00e4nisch, Franz\u00f6sisch, Niederl\u00e4ndisch, Slowakisch, Italienisch, Polnisch und Deutsch.<\/span><\/p>\n<p> <span style=\"font-weight: 400;\">Ein weiterer wichtiger Schritt nach vorn ist unser Engagement, junge Menschen durch Aktivit\u00e4ten vor Ort zu erreichen. Wir veranstalten lokale Events in Portugal, Frankreich, Belgien, Griechenland und anderen L\u00e4ndern, um junge Menschen direkt anzusprechen und ihnen zuzuh\u00f6ren.<\/span><\/p>\n<p> <span style=\"font-weight: 400;\">Um dieses Ziel zu unterst\u00fctzen, haben wir unter der Leitung von JA Europe und YMCA die Ausschreibung \u201ePulseZ Third-Party Support \u2013 Call for Proposals\u201c gestartet. Diese Initiative erm\u00f6glicht es Ihnen, eigene lokale Veranstaltungen zu organisieren und finanzielle Unterst\u00fctzung zu erhalten. Unser Ziel ist es, \u00fcber 3.000 junge Menschen aus mehr als 20 EU-L\u00e4ndern als Content-Mitwirkende einzubinden und durch unsere Kommunikationsma\u00dfnahmen mehr als 500.000 Menschen zu erreichen. Weitere Informationen und Bewerbungsdetails finden Sie unter<\/span> <a href=\"https:\/\/jaeurope.org\/tenders\/pulse-z-third-party-support-call-for-proposals\/\" target=\"_blank\" rel=\"noopener\"><span style=\"font-weight: 400;\">diesem Link<\/span><\/a> <span style=\"font-weight: 400;\">.<\/span><\/p>\n<p> <span style=\"font-weight: 400;\">Nach erfolgreichen ersten sechs Monaten startet PulseZ nun in eine neue, entscheidende Phase. Unser Team w\u00e4chst, unsere Dynamik nimmt zu und unsere Vision ist klarer denn je. In den kommenden Monaten k\u00f6nnen Sie sich auf weitere Workshops, Webinare, spannende Geschichten und innovative Inhalte freuen. Dank Ihrer Energie und Ihres Engagements erheben wir unsere Stimme und freuen uns als Chefredakteur darauf, mehr von unseren eigenen Texten und Inhalten mit Ihnen zu teilen.<\/span><\/p>\n<p> <span style=\"font-weight: 400;\">Bleiben Sie dran. Es kommt noch viel mehr.<\/span><\/p>\n","protected":false},"excerpt":{"rendered":"<p>Sel\u00e7uk Demirel \u2013 Schach Liebe Leserinnen und Leser, Europa befindet sich mitten in einer weiteren Krise, bevor die vorherige \u00fcberhaupt gel\u00f6st ist. W\u00e4hrend Russlands Invasion in der Ukraine weitergeht und die Hoffnung auf Frieden in [&hellip;]<\/p>\n","protected":false},"author":78,"featured_media":27602,"comment_status":"closed","ping_status":"closed","sticky":false,"template":"","format":"standard","meta":{"_acf_changed":false,"footnotes":""},"categories":[567,703,696],"tags":[],"post_formats":[645],"coauthors":[],"class_list":["post-27554","post","type-post","status-publish","format-standard","has-post-thumbnail","hentry","category-allgemein","category-jugend","category-vielfalt-feiern","post_formats-artikel"],"acf":[],"_links":{"self":[{"href":"https:\/\/www.pulse-z.eu\/de\/wp-json\/wp\/v2\/posts\/27554","targetHints":{"allow":["GET"]}}],"collection":[{"href":"https:\/\/www.pulse-z.eu\/de\/wp-json\/wp\/v2\/posts"}],"about":[{"href":"https:\/\/www.pulse-z.eu\/de\/wp-json\/wp\/v2\/types\/post"}],"author":[{"embeddable":true,"href":"https:\/\/www.pulse-z.eu\/de\/wp-json\/wp\/v2\/users\/78"}],"replies":[{"embeddable":true,"href":"https:\/\/www.pulse-z.eu\/de\/wp-json\/wp\/v2\/comments?post=27554"}],"version-history":[{"count":15,"href":"https:\/\/www.pulse-z.eu\/de\/wp-json\/wp\/v2\/posts\/27554\/revisions"}],"predecessor-version":[{"id":27655,"href":"https:\/\/www.pulse-z.eu\/de\/wp-json\/wp\/v2\/posts\/27554\/revisions\/27655"}],"wp:featuredmedia":[{"embeddable":true,"href":"https:\/\/www.pulse-z.eu\/de\/wp-json\/wp\/v2\/media\/27602"}],"wp:attachment":[{"href":"https:\/\/www.pulse-z.eu\/de\/wp-json\/wp\/v2\/media?parent=27554"}],"wp:term":[{"taxonomy":"category","embeddable":true,"href":"https:\/\/www.pulse-z.eu\/de\/wp-json\/wp\/v2\/categories?post=27554"},{"taxonomy":"post_tag","embeddable":true,"href":"https:\/\/www.pulse-z.eu\/de\/wp-json\/wp\/v2\/tags?post=27554"},{"taxonomy":"post_formats","embeddable":true,"href":"https:\/\/www.pulse-z.eu\/de\/wp-json\/wp\/v2\/post_formats?post=27554"},{"taxonomy":"author","embeddable":true,"href":"https:\/\/www.pulse-z.eu\/de\/wp-json\/wp\/v2\/coauthors?post=27554"}],"curies":[{"name":"wp","href":"https:\/\/api.w.org\/{rel}","templated":true}]}}