{"id":27199,"date":"2025-06-18T15:57:13","date_gmt":"2025-06-18T15:57:13","guid":{"rendered":"https:\/\/www.pulse-z.eu\/hot-words-weak-action-g20-off-track-on-climate-goals\/"},"modified":"2025-06-25T08:00:54","modified_gmt":"2025-06-25T08:00:54","slug":"heise-worte-schwache-taten-g20-kommt-bei-klimazielen-nicht-nach-plan","status":"publish","type":"post","link":"https:\/\/www.pulse-z.eu\/de\/heise-worte-schwache-taten-g20-kommt-bei-klimazielen-nicht-nach-plan\/","title":{"rendered":"Hei\u00dfe Worte, schwache Taten: G20 kommt bei Klimazielen nicht nach Plan"},"content":{"rendered":"<br \/>\n<h3><b>Ein Weckruf durch den GECO 2024-Bericht<\/b><\/h3>\n<p> <span style=\"font-weight: 400;\">Der j\u00fcngste<\/span> <a href=\"https:\/\/www.teraz-srodowisko.pl\/media\/pdf\/aktualnosci\/16188-jrc-raport-2025.pdf\" target=\"_blank\" rel=\"noopener\"><i><span style=\"font-weight: 400;\">Global Climate and Energy Outlook (GECO) 2024<\/span><\/i><\/a> <span style=\"font-weight: 400;\">liefert eine eindringliche Botschaft: Die G20-Staaten, die f\u00fcr den Gro\u00dfteil der weltweiten Treibhausgasemissionen verantwortlich sind, setzen keine ausreichend starken Ma\u00dfnahmen um, um den Temperaturanstieg bis zum Ende des Jahrhunderts unter 2 \u00b0C zu halten.<\/span><\/p>\n<p> <span style=\"font-weight: 400;\">Um einen Temperaturanstieg von 2,6 \u00b0C bis 2100 zu verhindern, m\u00fcssen die Regierungen ihren Kurs \u00e4ndern. Damit w\u00fcrde das 1,5-\u00b0C-Ziel des Pariser Abkommens, das extreme D\u00fcrren, Hitzewellen und Naturkatastrophen verhindern soll, deutlich \u00fcberschritten.<\/span><\/p>\n<p><img loading=\"lazy\" decoding=\"async\" class=\"alignnone wp-image-3834\" src=\"https:\/\/www.pulse-z.eu\/wp-content\/uploads\/2025\/06\/projections.png\" alt=\"\" width=\"279\" height=\"220\" srcset=\"https:\/\/www.pulse-z.eu\/wp-content\/uploads\/2025\/06\/projections.png 1221w, https:\/\/www.pulse-z.eu\/wp-content\/uploads\/2025\/06\/projections-768x606.png 768w\" sizes=\"auto, (max-width: 279px) 100vw, 279px\" \/><\/p>\n<p> Die Emissionen steigen weiter \u2013 und die Zeit l\u00e4uft uns davon <\/p>\n<p><span style=\"font-weight: 400;\">Dem GECO-Bericht 2024 zufolge werden die weltweiten Emissionen voraussichtlich irgendwann in diesem Jahrzehnt ihren H\u00f6hepunkt erreichen \u2013 doch ein blo\u00dfer H\u00f6hepunkt allein reicht nicht.<\/span><\/p>\n<ul>\n<li style=\"font-weight: 400;\" aria-level=\"1\"> <span style=\"font-weight: 400;\">Wenn die derzeitige Politik fortgesetzt wird, steuern wir auf eine Erw\u00e4rmung von +2,6 \u00b0C zu.<\/span><\/li>\n<li style=\"font-weight: 400;\" aria-level=\"1\"> <span style=\"font-weight: 400;\">Selbst wenn die L\u00e4nder alle ihre aktuellen Klimaversprechen umsetzen w\u00fcrden, w\u00fcrde sich die Welt immer noch um 2,3 \u00b0C erw\u00e4rmen.<\/span><\/li>\n<\/ul>\n<p> <span style=\"font-weight: 400;\">Nur im optimistischsten Szenario \u2013 bei dem eine weitere, schnellere Dekarbonisierung stattfindet \u2013 k\u00f6nnten wir +1,8 \u00b0C erreichen.<\/span><span style=\"font-weight: 400;\"><br \/><\/span><\/p>\n<p><img loading=\"lazy\" decoding=\"async\" class=\"alignnone wp-image-3835\" src=\"https:\/\/www.pulse-z.eu\/wp-content\/uploads\/2025\/06\/warming.png\" alt=\"\" width=\"373\" height=\"234\" srcset=\"https:\/\/www.pulse-z.eu\/wp-content\/uploads\/2025\/06\/warming.png 1221w, https:\/\/www.pulse-z.eu\/wp-content\/uploads\/2025\/06\/warming-768x482.png 768w\" sizes=\"auto, (max-width: 373px) 100vw, 373px\" \/><\/p>\n<p><span style=\"font-weight: 400;\">Doch selbst das geht \u00fcber das Ziel des Pariser Abkommens hinaus.<\/span><\/p>\n<p> <span style=\"font-weight: 400;\">Um die 1,5 \u00b0C-Grenze tats\u00e4chlich einzuhalten, m\u00fcssen die globalen Emissionen um folgende Werte sinken:<\/span><\/p>\n<ul>\n<li style=\"font-weight: 400;\" aria-level=\"1\"> <span style=\"font-weight: 400;\">56 % bis 2035 im Vergleich zum Stand von 2022,<\/span><\/li>\n<li style=\"font-weight: 400;\" aria-level=\"1\"> <span style=\"font-weight: 400;\">und 90 % bis 2050.<\/span><\/li>\n<\/ul>\n<p> <span style=\"font-weight: 400;\">Dies erfordert weitaus ehrgeizigere nationale Klimapl\u00e4ne \u2013 auch als<\/span> <i><span style=\"font-weight: 400;\">Nationally Determined Contributions (NDCs)<\/span><\/i> bekannt <span style=\"font-weight: 400;\">\u2013 als die, die wir derzeit haben.<\/span><\/p>\n<p> 2024: Das hei\u00dfeste Jahr aller Zeiten <\/p>\n<p><span style=\"font-weight: 400;\">Die Dringlichkeit ist un\u00fcbersehbar. Daten des<\/span> <a href=\"https:\/\/climate.copernicus.eu\/global-climate-highlights-2024\" target=\"_blank\" rel=\"noopener\"><i><span style=\"font-weight: 400;\">Copernicus Climate Change Service<\/span><\/i><\/a> <span style=\"font-weight: 400;\">zeigen, dass 2024 das hei\u00dfeste Jahr seit Beginn der Wetteraufzeichnungen war \u2013 seit 1850. Es war auch das erste Jahr, in dem die globale Durchschnittstemperatur 1,6 \u00b0C \u00fcber dem vorindustriellen Niveau lag.<\/span><\/p>\n<p> <span style=\"font-weight: 400;\">Die Jahre 2015 bis 2024 z\u00e4hlen zu den hei\u00dfesten seit Beginn der Wetteraufzeichnungen. Die Folgen sind bereits sp\u00fcrbar: verheerende Waldbr\u00e4nde in Kalifornien, rekordverd\u00e4chtige \u00dcberschwemmungen in Spanien sowie Mittel- und Osteuropa und zunehmende Nahrungsmittel- und Wasserknappheit weltweit.<\/span><\/p>\n<p><img loading=\"lazy\" decoding=\"async\" class=\"alignnone wp-image-3837\" src=\"https:\/\/www.pulse-z.eu\/wp-content\/uploads\/2025\/06\/Impacts.png\" alt=\"\" width=\"248\" height=\"242\" srcset=\"https:\/\/www.pulse-z.eu\/wp-content\/uploads\/2025\/06\/Impacts.png 1221w, https:\/\/www.pulse-z.eu\/wp-content\/uploads\/2025\/06\/Impacts-768x748.png 768w\" sizes=\"auto, (max-width: 248px) 100vw, 248px\" \/><\/p>\n<p> Was bis 2035 geschehen muss <\/p>\n<p><span style=\"font-weight: 400;\">Der GECO 2024-Bericht bietet ein hoffnungsvolles, aber anspruchsvolles Szenario: Es<\/span> <i><span style=\"font-weight: 400;\">ist<\/span><\/i> <span style=\"font-weight: 400;\">immer noch m\u00f6glich, die globale Erw\u00e4rmung auf 1,5 \u00b0C zu begrenzen \u2013 aber nur, wenn die G20 jetzt radikale Ma\u00dfnahmen ergreift.<\/span><\/p>\n<p> <span style=\"font-weight: 400;\">Bis 2035 muss jedes G20-Land:<\/span><\/p>\n<ul>\n<li style=\"font-weight: 400;\" aria-level=\"1\"> <span style=\"font-weight: 400;\">mindestens 50 % des Stroms aus erneuerbaren Quellen erzeugen,<\/span><span style=\"font-weight: 400;\"><br \/><\/span><\/li>\n<li style=\"font-weight: 400;\" aria-level=\"1\"> <span style=\"font-weight: 400;\">den Anteil der Elektrizit\u00e4t am Gesamtenergieverbrauch auf 35 % erh\u00f6hen,<\/span><span style=\"font-weight: 400;\"><br \/><\/span><\/li>\n<li style=\"font-weight: 400;\" aria-level=\"1\"> <span style=\"font-weight: 400;\">5\u201320 % der Industrieemissionen durch Kohlenstoffabscheidung und -speicherung (CCS) decken<\/span> und die CO\u2082-Absorption durch eine bessere Bewirtschaftung von Land und W\u00e4ldern steigern.<\/li>\n<\/ul>\n<p> Das Pariser Abkommen: So funktioniert es <\/p>\n<p><span style=\"font-weight: 400;\">Das Pariser Abkommen sieht f\u00fcnfj\u00e4hrige \u00dcberpr\u00fcfungszyklen vor. Von jedem Land wird erwartet, dass es seine Klimaziele im Laufe der Zeit mit ehrgeizigeren Zielen aktualisiert.<\/span><\/p>\n<p> <span style=\"font-weight: 400;\">Auf der COP27 einigten sich die L\u00e4nder darauf, ihre Ziele f\u00fcr 2030 bis Ende 2023 zu \u00fcberpr\u00fcfen, um sie an das 1,5-Grad-Ziel anzupassen. Doch bisher sind viele L\u00e4nder<\/span> weit <span style=\"font-weight: 400;\">von diesem Ambitionsniveau<\/span> <i><span style=\"font-weight: 400;\">entfernt<\/span><\/i> .<\/p>\n<p> Globale Zusammenarbeit ist der Schl\u00fcssel <\/p>\n<p><span style=\"font-weight: 400;\">Um die Ziele des Pariser Abkommens zu erreichen, bedarf es einer starken internationalen Zusammenarbeit. Dazu geh\u00f6ren:<\/span><\/p>\n<ul>\n<li style=\"font-weight: 400;\" aria-level=\"1\"> <span style=\"font-weight: 400;\">Klimafinanzierung: Industriel\u00e4nder unterst\u00fctzen \u00e4rmere L\u00e4nder,<\/span><\/li>\n<li style=\"font-weight: 400;\" aria-level=\"1\"> <span style=\"font-weight: 400;\">Technologie-Sharing: Saubere Technologien zug\u00e4nglicher machen,<\/span><\/li>\n<\/ul>\n<p> <span style=\"font-weight: 400;\">Kapazit\u00e4tsaufbau: Unterst\u00fctzung gef\u00e4hrdeter L\u00e4nder bei der Anpassung und St\u00e4rkung ihrer Widerstandsf\u00e4higkeit.<\/span><span style=\"font-weight: 400;\"><br \/><\/span><\/p>\n<p> Kann emissionsfreie Technologie die Zukunft retten? <\/p>\n<p><span style=\"font-weight: 400;\">Fortschritte bei erneuerbaren Energien und Elektrofahrzeugen sind real \u2013 aber sie reichen nicht aus. Sektoren wie die Schwerindustrie und der Verkehr sind nach wie vor gro\u00dfe Emissionsverursacher und m\u00fcssen transformiert werden.<\/span><\/p>\n<p> <span style=\"font-weight: 400;\">Die gute Nachricht? Bis 2030 k\u00f6nnten emissionsfreie Technologien in Sektoren, die f\u00fcr 70 % der weltweiten Emissionen verantwortlich sind, wettbewerbsf\u00e4hig sein. Wenn die G20 entschlossen handelt, haben wir noch eine Chance, das Schlimmste zu verhindern.<\/span><\/p>\n<p> <span style=\"font-weight: 400;\">Doch die gro\u00dfe Frage bleibt: Sind die m\u00e4chtigsten Volkswirtschaften der Welt wirklich bereit f\u00fcr mutige, historische Ma\u00dfnahmen? Oder werden sie warten, bis es zu sp\u00e4t ist?<\/span><\/p>\n","protected":false},"excerpt":{"rendered":"<p>Ein Weckruf durch den GECO 2024-Bericht Der j\u00fcngste Global Climate and Energy Outlook (GECO) 2024 liefert eine eindringliche Botschaft: Die G20-Staaten, die f\u00fcr den Gro\u00dfteil der weltweiten Treibhausgasemissionen verantwortlich sind, setzen keine ausreichend starken Ma\u00dfnahmen [&hellip;]<\/p>\n","protected":false},"author":158,"featured_media":7712,"comment_status":"closed","ping_status":"closed","sticky":false,"template":"","format":"standard","meta":{"_acf_changed":false,"footnotes":""},"categories":[703],"tags":[3491,1371,3492,3493,3494,3495,3496,3497,1372,3498,3499,3500,1453,3501,3502,3503,3504,3505],"post_formats":[645],"coauthors":[],"class_list":["post-27199","post","type-post","status-publish","format-standard","has-post-thumbnail","hentry","category-jugend","tag-carbon-capture-de","tag-carbon-neutrality-de","tag-climate-action-de","tag-climate-change-de","tag-climate-crisis-de","tag-climate-policy-de","tag-emissions-reduction-de","tag-environmental-policy-de","tag-eu-climate-strategy-de","tag-g20-de","tag-global-climate-goals-de","tag-global-warming-de","tag-international-cooperation-de","tag-paris-agreement-de","tag-renewable-energy-de","tag-sustainability-de","tag-youth-and-climate-de","tag-zero-emission-technologies-de","post_formats-artikel"],"acf":[],"_links":{"self":[{"href":"https:\/\/www.pulse-z.eu\/de\/wp-json\/wp\/v2\/posts\/27199","targetHints":{"allow":["GET"]}}],"collection":[{"href":"https:\/\/www.pulse-z.eu\/de\/wp-json\/wp\/v2\/posts"}],"about":[{"href":"https:\/\/www.pulse-z.eu\/de\/wp-json\/wp\/v2\/types\/post"}],"author":[{"embeddable":true,"href":"https:\/\/www.pulse-z.eu\/de\/wp-json\/wp\/v2\/users\/158"}],"replies":[{"embeddable":true,"href":"https:\/\/www.pulse-z.eu\/de\/wp-json\/wp\/v2\/comments?post=27199"}],"version-history":[{"count":13,"href":"https:\/\/www.pulse-z.eu\/de\/wp-json\/wp\/v2\/posts\/27199\/revisions"}],"predecessor-version":[{"id":27254,"href":"https:\/\/www.pulse-z.eu\/de\/wp-json\/wp\/v2\/posts\/27199\/revisions\/27254"}],"wp:featuredmedia":[{"embeddable":true,"href":"https:\/\/www.pulse-z.eu\/de\/wp-json\/wp\/v2\/media\/7712"}],"wp:attachment":[{"href":"https:\/\/www.pulse-z.eu\/de\/wp-json\/wp\/v2\/media?parent=27199"}],"wp:term":[{"taxonomy":"category","embeddable":true,"href":"https:\/\/www.pulse-z.eu\/de\/wp-json\/wp\/v2\/categories?post=27199"},{"taxonomy":"post_tag","embeddable":true,"href":"https:\/\/www.pulse-z.eu\/de\/wp-json\/wp\/v2\/tags?post=27199"},{"taxonomy":"post_formats","embeddable":true,"href":"https:\/\/www.pulse-z.eu\/de\/wp-json\/wp\/v2\/post_formats?post=27199"},{"taxonomy":"author","embeddable":true,"href":"https:\/\/www.pulse-z.eu\/de\/wp-json\/wp\/v2\/coauthors?post=27199"}],"curies":[{"name":"wp","href":"https:\/\/api.w.org\/{rel}","templated":true}]}}